{"id":61959,"date":"2018-06-14T21:47:06","date_gmt":"2018-06-14T19:47:06","guid":{"rendered":"https:\/\/dev.agnieszkakudela.pl\/mini-by-easywalker-buggy\/"},"modified":"2023-11-30T15:34:08","modified_gmt":"2023-11-30T14:34:08","slug":"mini-by-easywalker-buggy","status":"publish","type":"post","link":"https:\/\/agnieszkakudela.pl\/en\/mini-by-easywalker-buggy\/","title":{"rendered":"Easywalker Buggy"},"content":{"rendered":"<p>Easywalker Buggy is a stroller that has been accompanying us from the first months of Maks&#8217;s life, we also took her to Rome, where we spent the whole family up to a month, every day using long, often over ten-kilometer walks. How did it work for us?<br \/>\n<!--more--><\/p>\n<h3>MINI by Easywalker Buggy &#8211; a stroller with a rain cover weighing only 6,5 kg.<\/h3>\n<p>Looking for the perfect stroller, we decided to test the Buggy stroller from Easywalker. I ride my beloved MINI every day, why should I refuse a child?\u00a0<img decoding=\"async\" class=\"emoji\" role=\"img\" draggable=\"false\" src=\"https:\/\/s.w.org\/images\/core\/emoji\/14.0.0\/svg\/1f642.svg\" alt=\"\" \/><\/p>\n<p>&nbsp;<\/p>\n<p>Due to the fact that the stroller is suitable for a child from the first week of life up to 20 kg of weight, it can be used by both a few months old Maksymilian and a three year old Miko\u0142aj.<\/p>\n<p>&nbsp;<\/p>\n<p class=\"gt-block\">It also has a certain feature, thanks to which it leaves the competition far behind &#8211;\u00a0<strong>car seat adapters<\/strong>. Completely unique functionality in strollers, which makes the stroller last from birth to the end of the stroller period.<\/p>\n<p>&nbsp;<\/p>\n<h3>Frame and wheels<\/h3>\n<p>The frame is made of aluminum, thanks to which the frame of the trolley is light &#8211; it weighs only 6,5 kg.<\/p>\n<p>The trolley wheels are very easy to disassemble and clean, so there is no problem in keeping the trolley clean. Thanks to the MINI logo on wheels, my child&#8217;s vehicle looks almost like mine\u00a0<img decoding=\"async\" class=\"emoji\" role=\"img\" draggable=\"false\" src=\"https:\/\/s.w.org\/images\/core\/emoji\/14.0.0\/svg\/1f609.svg\" alt=\"\" \/><\/p>\n<p><img loading=\"lazy\" decoding=\"async\" class=\"aligncenter size-full wp-image-33176\" src=\"https:\/\/agnieszkakudela.pl\/wp-content\/uploads\/2018\/06\/AgnieszkaKudela_Easywalker_Mini_2018_01-6.jpg\" sizes=\"auto, (max-width: 1800px) 100vw, 1800px\" srcset=\"https:\/\/agnieszkakudela.pl\/wp-content\/uploads\/2018\/06\/AgnieszkaKudela_Easywalker_Mini_2018_01-6.jpg 1800w, https:\/\/agnieszkakudela.pl\/wp-content\/uploads\/2018\/06\/AgnieszkaKudela_Easywalker_Mini_2018_01-6-600x401.jpg 600w, https:\/\/agnieszkakudela.pl\/wp-content\/uploads\/2018\/06\/AgnieszkaKudela_Easywalker_Mini_2018_01-6-300x200.jpg 300w, https:\/\/agnieszkakudela.pl\/wp-content\/uploads\/2018\/06\/AgnieszkaKudela_Easywalker_Mini_2018_01-6-768x513.jpg 768w, https:\/\/agnieszkakudela.pl\/wp-content\/uploads\/2018\/06\/AgnieszkaKudela_Easywalker_Mini_2018_01-6-1024x684.jpg 1024w\" alt=\"Buggy Easywalker Mini umbrella stroller\" width=\"1800\" height=\"1202\" \/><img loading=\"lazy\" decoding=\"async\" class=\"aligncenter size-full wp-image-33177\" src=\"https:\/\/agnieszkakudela.pl\/wp-content\/uploads\/2018\/06\/AgnieszkaKudela_Easywalker_Mini_2018_01-15.jpg\" sizes=\"auto, (max-width: 1800px) 100vw, 1800px\" srcset=\"https:\/\/agnieszkakudela.pl\/wp-content\/uploads\/2018\/06\/AgnieszkaKudela_Easywalker_Mini_2018_01-15.jpg 1800w, https:\/\/agnieszkakudela.pl\/wp-content\/uploads\/2018\/06\/AgnieszkaKudela_Easywalker_Mini_2018_01-15-600x401.jpg 600w, https:\/\/agnieszkakudela.pl\/wp-content\/uploads\/2018\/06\/AgnieszkaKudela_Easywalker_Mini_2018_01-15-300x200.jpg 300w, https:\/\/agnieszkakudela.pl\/wp-content\/uploads\/2018\/06\/AgnieszkaKudela_Easywalker_Mini_2018_01-15-768x513.jpg 768w, https:\/\/agnieszkakudela.pl\/wp-content\/uploads\/2018\/06\/AgnieszkaKudela_Easywalker_Mini_2018_01-15-1024x684.jpg 1024w\" alt=\"Buggy Easywalker Mini stroller pram\" width=\"1800\" height=\"1202\" \/><\/p>\n<p>&nbsp;<\/p>\n<h3>Depreciation<\/h3>\n<p class=\"gt-block\">MINI by Easywalker Buggy is described as\u00a0<strong>city \u200b\u200band off-road trolley<\/strong>. In my opinion, it is perfect for the city &#8211; also thanks to its small size when folded. Historic Rome is mostly pavements and streets lined with cobblestones, I can&#8217;t imagine any stroller without amortization, and this one really managed.<\/p>\n<p>&nbsp;<\/p>\n<p>However, on a sandy or pebbled road it is a bit more difficult &#8211; fortunately, the trolley is already available in the Buggy + version with much larger wheels and adjustable handle height, today I would definitely choose the &#8220;plus&#8221; model.<\/p>\n<p>&nbsp;<\/p>\n<p class=\"gt-block\">The trolley runs very smoothly &#8211; it is\u00a0<strong>light and very manoeuvrable<\/strong>. She made me happy\u00a0<strong>the front wheels can be locked<\/strong>\u00a0straight ahead, so I can put my child to sleep.<\/p>\n<p><img loading=\"lazy\" decoding=\"async\" class=\"aligncenter wp-image-33187 size-full\" src=\"https:\/\/agnieszkakudela.pl\/wp-content\/uploads\/2018\/06\/AgnieszkaKudela_pl_Easywalker_Buggy-10.jpg\" sizes=\"auto, (max-width: 1600px) 100vw, 1600px\" srcset=\"https:\/\/agnieszkakudela.pl\/wp-content\/uploads\/2018\/06\/AgnieszkaKudela_pl_Easywalker_Buggy-10.jpg 1600w, https:\/\/agnieszkakudela.pl\/wp-content\/uploads\/2018\/06\/AgnieszkaKudela_pl_Easywalker_Buggy-10-600x401.jpg 600w, https:\/\/agnieszkakudela.pl\/wp-content\/uploads\/2018\/06\/AgnieszkaKudela_pl_Easywalker_Buggy-10-300x200.jpg 300w, https:\/\/agnieszkakudela.pl\/wp-content\/uploads\/2018\/06\/AgnieszkaKudela_pl_Easywalker_Buggy-10-768x513.jpg 768w, https:\/\/agnieszkakudela.pl\/wp-content\/uploads\/2018\/06\/AgnieszkaKudela_pl_Easywalker_Buggy-10-1024x684.jpg 1024w\" alt=\"Easywalker Buggy\" width=\"1600\" height=\"1068\" \/><\/p>\n<p>&nbsp;<\/p>\n<h3>holder<\/h3>\n<p>As it is an umbrella-type stroller, it does not have one handle, and two &#8211; both contoured, well-fitting in the hand, covered with ecological leather for comfort. In the new Buggy + model, they are adjustable in height, so if you happen to kick into the stroller during a fast walk, in the model with a plus, you will pull out the handles and that&#8217;s it.<\/p>\n<p><img loading=\"lazy\" decoding=\"async\" class=\"aligncenter wp-image-33185 size-full\" src=\"https:\/\/agnieszkakudela.pl\/wp-content\/uploads\/2018\/06\/AgnieszkaKudela_pl_Easywalker_Buggy-8.jpg\" sizes=\"auto, (max-width: 1600px) 100vw, 1600px\" srcset=\"https:\/\/agnieszkakudela.pl\/wp-content\/uploads\/2018\/06\/AgnieszkaKudela_pl_Easywalker_Buggy-8.jpg 1600w, https:\/\/agnieszkakudela.pl\/wp-content\/uploads\/2018\/06\/AgnieszkaKudela_pl_Easywalker_Buggy-8-600x401.jpg 600w, https:\/\/agnieszkakudela.pl\/wp-content\/uploads\/2018\/06\/AgnieszkaKudela_pl_Easywalker_Buggy-8-300x200.jpg 300w, https:\/\/agnieszkakudela.pl\/wp-content\/uploads\/2018\/06\/AgnieszkaKudela_pl_Easywalker_Buggy-8-768x513.jpg 768w, https:\/\/agnieszkakudela.pl\/wp-content\/uploads\/2018\/06\/AgnieszkaKudela_pl_Easywalker_Buggy-8-1024x684.jpg 1024w\" alt=\"Mini by Easywalker review\" width=\"1600\" height=\"1068\" \/><\/p>\n<p>&nbsp;<\/p>\n<h3>Brake<\/h3>\n<p>Brake pressed and released by pressing the foot at the right angle, which is the best possible solution, especially in summer, in flip-flops or sandals.<\/p>\n<p>&nbsp;<\/p>\n<h3>Shopping basket<\/h3>\n<p>The basket under the seat is really spacious &#8211; up to 5 kg! I successfully fit a carrier, a blanket, sweaters and snacks in it. The basket takes up practically the entire space under the seat, thanks to which it is fully used.<\/p>\n<p><img loading=\"lazy\" decoding=\"async\" class=\"aligncenter wp-image-33186 size-full\" src=\"https:\/\/agnieszkakudela.pl\/wp-content\/uploads\/2018\/06\/AgnieszkaKudela_pl_Easywalker_Buggy-7.jpg\" sizes=\"auto, (max-width: 1600px) 100vw, 1600px\" srcset=\"https:\/\/agnieszkakudela.pl\/wp-content\/uploads\/2018\/06\/AgnieszkaKudela_pl_Easywalker_Buggy-7.jpg 1600w, https:\/\/agnieszkakudela.pl\/wp-content\/uploads\/2018\/06\/AgnieszkaKudela_pl_Easywalker_Buggy-7-600x401.jpg 600w, https:\/\/agnieszkakudela.pl\/wp-content\/uploads\/2018\/06\/AgnieszkaKudela_pl_Easywalker_Buggy-7-300x200.jpg 300w, https:\/\/agnieszkakudela.pl\/wp-content\/uploads\/2018\/06\/AgnieszkaKudela_pl_Easywalker_Buggy-7-768x513.jpg 768w, https:\/\/agnieszkakudela.pl\/wp-content\/uploads\/2018\/06\/AgnieszkaKudela_pl_Easywalker_Buggy-7-1024x684.jpg 1024w\" alt=\"Mini by Easywalker reviews\" width=\"1600\" height=\"1068\" \/><\/p>\n<p>&nbsp;<\/p>\n<h3>Shed<\/h3>\n<p>Perfect! The canopy is foldable &#8211; in the folded version it protects against the sun and wind, and it is enough to unfasten the zip and when folded it allows the child to sleep well. There is a peek-a-boo window above the booth, allowing for constant contact between the parent and the baby. There is also a rain cover attached to the trolley &#8211; the perfect solution for treacherous weather.<\/p>\n<p><img loading=\"lazy\" decoding=\"async\" class=\"aligncenter wp-image-33201 size-full\" src=\"https:\/\/agnieszkakudela.pl\/wp-content\/uploads\/2018\/06\/AgnieszkaKudela_Easywalker_Mini_2018_01-12.jpg\" sizes=\"auto, (max-width: 1800px) 100vw, 1800px\" srcset=\"https:\/\/agnieszkakudela.pl\/wp-content\/uploads\/2018\/06\/AgnieszkaKudela_Easywalker_Mini_2018_01-12.jpg 1800w, https:\/\/agnieszkakudela.pl\/wp-content\/uploads\/2018\/06\/AgnieszkaKudela_Easywalker_Mini_2018_01-12-300x300.jpg 300w, https:\/\/agnieszkakudela.pl\/wp-content\/uploads\/2018\/06\/AgnieszkaKudela_Easywalker_Mini_2018_01-12-600x600.jpg 600w, https:\/\/agnieszkakudela.pl\/wp-content\/uploads\/2018\/06\/AgnieszkaKudela_Easywalker_Mini_2018_01-12-150x150.jpg 150w, https:\/\/agnieszkakudela.pl\/wp-content\/uploads\/2018\/06\/AgnieszkaKudela_Easywalker_Mini_2018_01-12-768x768.jpg 768w, https:\/\/agnieszkakudela.pl\/wp-content\/uploads\/2018\/06\/AgnieszkaKudela_Easywalker_Mini_2018_01-12-1024x1024.jpg 1024w, https:\/\/agnieszkakudela.pl\/wp-content\/uploads\/2018\/06\/AgnieszkaKudela_Easywalker_Mini_2018_01-12-550x550.jpg 550w, https:\/\/agnieszkakudela.pl\/wp-content\/uploads\/2018\/06\/AgnieszkaKudela_Easywalker_Mini_2018_01-12-1000x1000.jpg 1000w\" alt=\"Folding stroller\" width=\"1800\" height=\"1800\" \/><\/p>\n<p>&nbsp;<\/p>\n<h3>seat<\/h3>\n<p class=\"gt-block\">It is possible to set the seat in four points &#8211;\u00a0<strong>from sitting to lying down<\/strong>, all with a single, smooth handle.<\/p>\n<p><img loading=\"lazy\" decoding=\"async\" class=\"aligncenter wp-image-33207 size-full\" src=\"https:\/\/agnieszkakudela.pl\/wp-content\/uploads\/2018\/06\/AgnieszkaKudela_Easywalker_Mini_2018_01-13.jpg\" sizes=\"auto, (max-width: 1800px) 100vw, 1800px\" srcset=\"https:\/\/agnieszkakudela.pl\/wp-content\/uploads\/2018\/06\/AgnieszkaKudela_Easywalker_Mini_2018_01-13.jpg 1800w, https:\/\/agnieszkakudela.pl\/wp-content\/uploads\/2018\/06\/AgnieszkaKudela_Easywalker_Mini_2018_01-13-600x401.jpg 600w, https:\/\/agnieszkakudela.pl\/wp-content\/uploads\/2018\/06\/AgnieszkaKudela_Easywalker_Mini_2018_01-13-300x200.jpg 300w, https:\/\/agnieszkakudela.pl\/wp-content\/uploads\/2018\/06\/AgnieszkaKudela_Easywalker_Mini_2018_01-13-768x513.jpg 768w, https:\/\/agnieszkakudela.pl\/wp-content\/uploads\/2018\/06\/AgnieszkaKudela_Easywalker_Mini_2018_01-13-1024x684.jpg 1024w\" alt=\"Easywa; ler Buggy reviews\" width=\"1800\" height=\"1202\" \/><\/p>\n<p>&nbsp;<\/p>\n<p class=\"gt-block\">The seat upholstery is\u00a0<strong>\u0142atwozmywaln\u0105<\/strong>\u00a0and soft, and even under the baby&#8217;s head\u00a0<strong>small pillow<\/strong>that can be easily detached. You can also take off the cover and take it easy\u00a0<strong>machine wash<\/strong>.<\/p>\n<p>&nbsp;<\/p>\n<p><img loading=\"lazy\" decoding=\"async\" class=\"aligncenter wp-image-33193 size-full\" src=\"https:\/\/agnieszkakudela.pl\/wp-content\/uploads\/2018\/06\/AgnieszkaKudela_pl_Easywalker_Buggy-6.jpg\" sizes=\"auto, (max-width: 1600px) 100vw, 1600px\" srcset=\"https:\/\/agnieszkakudela.pl\/wp-content\/uploads\/2018\/06\/AgnieszkaKudela_pl_Easywalker_Buggy-6.jpg 1600w, https:\/\/agnieszkakudela.pl\/wp-content\/uploads\/2018\/06\/AgnieszkaKudela_pl_Easywalker_Buggy-6-600x401.jpg 600w, https:\/\/agnieszkakudela.pl\/wp-content\/uploads\/2018\/06\/AgnieszkaKudela_pl_Easywalker_Buggy-6-300x200.jpg 300w, https:\/\/agnieszkakudela.pl\/wp-content\/uploads\/2018\/06\/AgnieszkaKudela_pl_Easywalker_Buggy-6-768x513.jpg 768w, https:\/\/agnieszkakudela.pl\/wp-content\/uploads\/2018\/06\/AgnieszkaKudela_pl_Easywalker_Buggy-6-1024x684.jpg 1024w\" alt=\"Easywalker Buggy stroller\" width=\"1600\" height=\"1068\" \/><\/p>\n<p>&nbsp;<\/p>\n<p class=\"gt-block\">The trolley is equipped with\u00a0<strong>five-point seat belts<\/strong>\u00a0&#8211; very easy to fasten and unfasten for a parent, and difficult to unfasten for a child. And that&#8217;s the point, isn&#8217;t it?<\/p>\n<p>&nbsp;<\/p>\n<p><img loading=\"lazy\" decoding=\"async\" class=\"aligncenter wp-image-33192 size-full\" src=\"https:\/\/agnieszkakudela.pl\/wp-content\/uploads\/2018\/06\/AgnieszkaKudela_pl_Easywalker_Buggy-5.jpg\" sizes=\"auto, (max-width: 1600px) 100vw, 1600px\" srcset=\"https:\/\/agnieszkakudela.pl\/wp-content\/uploads\/2018\/06\/AgnieszkaKudela_pl_Easywalker_Buggy-5.jpg 1600w, https:\/\/agnieszkakudela.pl\/wp-content\/uploads\/2018\/06\/AgnieszkaKudela_pl_Easywalker_Buggy-5-600x401.jpg 600w, https:\/\/agnieszkakudela.pl\/wp-content\/uploads\/2018\/06\/AgnieszkaKudela_pl_Easywalker_Buggy-5-300x200.jpg 300w, https:\/\/agnieszkakudela.pl\/wp-content\/uploads\/2018\/06\/AgnieszkaKudela_pl_Easywalker_Buggy-5-768x513.jpg 768w, https:\/\/agnieszkakudela.pl\/wp-content\/uploads\/2018\/06\/AgnieszkaKudela_pl_Easywalker_Buggy-5-1024x684.jpg 1024w\" alt=\"easywalker buggy\" width=\"1600\" height=\"1068\" \/><\/p>\n<p>&nbsp;<\/p>\n<h3>bail<\/h3>\n<p>The headband in this stroller is an option to buy, but we like it very much &#8211; Maks is too. He likes to grab it, lean out and look around. The stroller can be folded despite the attached headband, and the headband itself, instead of taking it off, can be lifted up so that the child can get into the stroller &#8211; it is a very convenient option. Miko\u0142aj himself approached the pram, lifted the headband and slipped inside\u00a0<img decoding=\"async\" class=\"emoji\" role=\"img\" draggable=\"false\" src=\"https:\/\/s.w.org\/images\/core\/emoji\/14.0.0\/svg\/1f609.svg\" alt=\"\" \/><\/p>\n<p><img loading=\"lazy\" decoding=\"async\" class=\"aligncenter wp-image-33191 size-full\" src=\"https:\/\/agnieszkakudela.pl\/wp-content\/uploads\/2018\/06\/AgnieszkaKudela_pl_Easywalker_Buggy-2.jpg\" sizes=\"auto, (max-width: 1600px) 100vw, 1600px\" srcset=\"https:\/\/agnieszkakudela.pl\/wp-content\/uploads\/2018\/06\/AgnieszkaKudela_pl_Easywalker_Buggy-2.jpg 1600w, https:\/\/agnieszkakudela.pl\/wp-content\/uploads\/2018\/06\/AgnieszkaKudela_pl_Easywalker_Buggy-2-600x401.jpg 600w, https:\/\/agnieszkakudela.pl\/wp-content\/uploads\/2018\/06\/AgnieszkaKudela_pl_Easywalker_Buggy-2-300x200.jpg 300w, https:\/\/agnieszkakudela.pl\/wp-content\/uploads\/2018\/06\/AgnieszkaKudela_pl_Easywalker_Buggy-2-768x513.jpg 768w, https:\/\/agnieszkakudela.pl\/wp-content\/uploads\/2018\/06\/AgnieszkaKudela_pl_Easywalker_Buggy-2-1024x684.jpg 1024w\" alt=\"Easywalker Buggy stroller review\" width=\"1600\" height=\"1068\" \/><img loading=\"lazy\" decoding=\"async\" class=\"aligncenter wp-image-33199 size-full\" src=\"https:\/\/agnieszkakudela.pl\/wp-content\/uploads\/2018\/06\/AgnieszkaKudela_pl_Easywalker_Buggy-28.jpg\" sizes=\"auto, (max-width: 1600px) 100vw, 1600px\" srcset=\"https:\/\/agnieszkakudela.pl\/wp-content\/uploads\/2018\/06\/AgnieszkaKudela_pl_Easywalker_Buggy-28.jpg 1600w, https:\/\/agnieszkakudela.pl\/wp-content\/uploads\/2018\/06\/AgnieszkaKudela_pl_Easywalker_Buggy-28-600x401.jpg 600w, https:\/\/agnieszkakudela.pl\/wp-content\/uploads\/2018\/06\/AgnieszkaKudela_pl_Easywalker_Buggy-28-300x200.jpg 300w, https:\/\/agnieszkakudela.pl\/wp-content\/uploads\/2018\/06\/AgnieszkaKudela_pl_Easywalker_Buggy-28-768x513.jpg 768w, https:\/\/agnieszkakudela.pl\/wp-content\/uploads\/2018\/06\/AgnieszkaKudela_pl_Easywalker_Buggy-28-1024x684.jpg 1024w\" alt=\"Easywalker Buggy stroller test\" width=\"1600\" height=\"1068\" \/><\/p>\n<p>&nbsp;<\/p>\n<h3>Footrest<\/h3>\n<p>It is foldable, it is used by both Maks and Miko\u0142aj.<\/p>\n<p><img loading=\"lazy\" decoding=\"async\" class=\"aligncenter wp-image-33206 size-full\" src=\"https:\/\/agnieszkakudela.pl\/wp-content\/uploads\/2018\/06\/AgnieszkaKudela_pl_Easywalker_Buggy-4-2.jpg\" sizes=\"auto, (max-width: 1068px) 100vw, 1068px\" srcset=\"https:\/\/agnieszkakudela.pl\/wp-content\/uploads\/2018\/06\/AgnieszkaKudela_pl_Easywalker_Buggy-4-2.jpg 1068w, https:\/\/agnieszkakudela.pl\/wp-content\/uploads\/2018\/06\/AgnieszkaKudela_pl_Easywalker_Buggy-4-2-600x749.jpg 600w, https:\/\/agnieszkakudela.pl\/wp-content\/uploads\/2018\/06\/AgnieszkaKudela_pl_Easywalker_Buggy-4-2-240x300.jpg 240w, https:\/\/agnieszkakudela.pl\/wp-content\/uploads\/2018\/06\/AgnieszkaKudela_pl_Easywalker_Buggy-4-2-768x959.jpg 768w, https:\/\/agnieszkakudela.pl\/wp-content\/uploads\/2018\/06\/AgnieszkaKudela_pl_Easywalker_Buggy-4-2-820x1024.jpg 820w\" alt=\"Mini Easywalker Buggy reviews\" width=\"1068\" height=\"1333\" \/><img loading=\"lazy\" decoding=\"async\" class=\"aligncenter wp-image-33202 size-full\" src=\"https:\/\/agnieszkakudela.pl\/wp-content\/uploads\/2018\/06\/DSC_1011.jpg\" alt=\"folding pushchair\" width=\"5880\" height=\"3925\" \/><\/p>\n<p>&nbsp;<\/p>\n<h3>Color<\/h3>\n<p>The whole pram style, colors, logo on the wheels refers to a MINI car. And because I drive this car myself, I like the stroller the same way\u00a0<img decoding=\"async\" class=\"emoji\" role=\"img\" draggable=\"false\" src=\"https:\/\/s.w.org\/images\/core\/emoji\/14.0.0\/svg\/1f642.svg\" alt=\"\" \/>\u00a0Mine is black and very stylish, and on the booth there is a leather motif with the flag of Great Britain.<\/p>\n<p><img loading=\"lazy\" decoding=\"async\" class=\"aligncenter wp-image-33290 size-full\" src=\"https:\/\/agnieszkakudela.pl\/wp-content\/uploads\/2018\/06\/Easywalker-Buggy.jpg\" sizes=\"auto, (max-width: 1000px) 100vw, 1000px\" srcset=\"https:\/\/agnieszkakudela.pl\/wp-content\/uploads\/2018\/06\/Easywalker-Buggy.jpg 1000w, https:\/\/agnieszkakudela.pl\/wp-content\/uploads\/2018\/06\/Easywalker-Buggy-600x150.jpg 600w, https:\/\/agnieszkakudela.pl\/wp-content\/uploads\/2018\/06\/Easywalker-Buggy-300x75.jpg 300w, https:\/\/agnieszkakudela.pl\/wp-content\/uploads\/2018\/06\/Easywalker-Buggy-768x192.jpg 768w\" alt=\"Easywalker Buggy colors\" width=\"1000\" height=\"250\" \/><\/p>\n<p>&nbsp;<\/p>\n<p>Colors of the Buggy + model:<\/p>\n<p>&nbsp;<\/p>\n<p><img loading=\"lazy\" decoding=\"async\" class=\"aligncenter wp-image-33178 size-full\" src=\"https:\/\/agnieszkakudela.pl\/wp-content\/uploads\/2018\/06\/Easywalker-Buggy-Plus-kolory.jpg\" sizes=\"auto, (max-width: 1500px) 100vw, 1500px\" srcset=\"https:\/\/agnieszkakudela.pl\/wp-content\/uploads\/2018\/06\/Easywalker-Buggy-Plus-kolory.jpg 1500w, https:\/\/agnieszkakudela.pl\/wp-content\/uploads\/2018\/06\/Easywalker-Buggy-Plus-kolory-600x147.jpg 600w, https:\/\/agnieszkakudela.pl\/wp-content\/uploads\/2018\/06\/Easywalker-Buggy-Plus-kolory-300x73.jpg 300w, https:\/\/agnieszkakudela.pl\/wp-content\/uploads\/2018\/06\/Easywalker-Buggy-Plus-kolory-768x188.jpg 768w, https:\/\/agnieszkakudela.pl\/wp-content\/uploads\/2018\/06\/Easywalker-Buggy-Plus-kolory-1024x251.jpg 1024w\" alt=\"Easywalker Buggy + colors\" width=\"1500\" height=\"367\" \/><\/p>\n<p>&nbsp;<\/p>\n<p>I also come in beautiful colors without MINI branding:<\/p>\n<p>&nbsp;<\/p>\n<p><img loading=\"lazy\" decoding=\"async\" class=\"aligncenter wp-image-33179 size-full\" src=\"https:\/\/agnieszkakudela.pl\/wp-content\/uploads\/2018\/06\/Easywalker-Buggy-Plus-Mini-kolory.jpg\" sizes=\"auto, (max-width: 1500px) 100vw, 1500px\" srcset=\"https:\/\/agnieszkakudela.pl\/wp-content\/uploads\/2018\/06\/Easywalker-Buggy-Plus-Mini-kolory.jpg 1500w, https:\/\/agnieszkakudela.pl\/wp-content\/uploads\/2018\/06\/Easywalker-Buggy-Plus-Mini-kolory-600x206.jpg 600w, https:\/\/agnieszkakudela.pl\/wp-content\/uploads\/2018\/06\/Easywalker-Buggy-Plus-Mini-kolory-300x103.jpg 300w, https:\/\/agnieszkakudela.pl\/wp-content\/uploads\/2018\/06\/Easywalker-Buggy-Plus-Mini-kolory-768x263.jpg 768w, https:\/\/agnieszkakudela.pl\/wp-content\/uploads\/2018\/06\/Easywalker-Buggy-Plus-Mini-kolory-1024x351.jpg 1024w\" alt=\"Easywalker Buggy Plus Mini colors\" width=\"1500\" height=\"514\" \/><\/p>\n<p>&nbsp;<\/p>\n<h3>Folding and size after folding<\/h3>\n<p>The unfolded MINI by Easywalker Buggy has the dimensions 48 x 76 x 103 cm.<\/p>\n<p>The folded stroller is only 100 cm long and 24 cm wide.<\/p>\n<p>The MINI by Easywalker Buggy folds very easily and quickly into an umbrella, it also has an automatic lock that prevents it from unfolding automatically.<\/p>\n<p>The stroller fits easily in city cars &#8211; even in the trunk of a micrus such as the Fiat 500 Cabrio.<\/p>\n<p><img loading=\"lazy\" decoding=\"async\" class=\"aligncenter wp-image-33188 size-full\" src=\"https:\/\/agnieszkakudela.pl\/wp-content\/uploads\/2018\/06\/AgnieszkaKudela_pl_Easywalker_Buggy_skladanie.jpg\" sizes=\"auto, (max-width: 1600px) 100vw, 1600px\" srcset=\"https:\/\/agnieszkakudela.pl\/wp-content\/uploads\/2018\/06\/AgnieszkaKudela_pl_Easywalker_Buggy_skladanie.jpg 1600w, https:\/\/agnieszkakudela.pl\/wp-content\/uploads\/2018\/06\/AgnieszkaKudela_pl_Easywalker_Buggy_skladanie-600x401.jpg 600w, https:\/\/agnieszkakudela.pl\/wp-content\/uploads\/2018\/06\/AgnieszkaKudela_pl_Easywalker_Buggy_skladanie-300x200.jpg 300w, https:\/\/agnieszkakudela.pl\/wp-content\/uploads\/2018\/06\/AgnieszkaKudela_pl_Easywalker_Buggy_skladanie-768x513.jpg 768w, https:\/\/agnieszkakudela.pl\/wp-content\/uploads\/2018\/06\/AgnieszkaKudela_pl_Easywalker_Buggy_skladanie-1024x684.jpg 1024w\" alt=\"easywalker mini folding buggy\" width=\"1600\" height=\"1068\" \/><\/p>\n<p>&nbsp;<\/p>\n<h3>Weight<\/h3>\n<p>As I mentioned above, thanks to the low weight of the stroller (6,5 kg), carrying it does not cause major problems, and it is also made easier by the anti-slip strap that we can wear on the shoulder. It is absolutely not a concern to climb or descend stairs with a pram, because you can easily hold the child on the hip with one hand, put the folded stroller on the other shoulder and carry it up or carry it down the stairs &#8211; after all, it is an umbrella stroller.<\/p>\n<p>&nbsp;<\/p>\n<h3>Accessories<\/h3>\n<p>A range of accessories can be selected for the MINI by Easywalker Buggy stroller:<\/p>\n<ul>\n<li><strong>adapters<\/strong>\u00a0&#8211; thanks to them, without waking the child sleeping in the car seat, I could easily transfer them to the frame of the stroller and go from the car to the store or vice versa Despite the fact that the seat does not fit perfectly with the adapters &#8211; when you fasten the seat you do not hear a characteristic click, nevertheless, gently securing the baby, I am ready to go quite a long distance with it; the solution is perfect for holidays, on the way to the car rental company or at the airport; these\u00a0<strong>adapters make the stroller second to none<\/strong>,<\/li>\n<li><strong>bail<\/strong>\u00a0&#8211; I wrote about its advantages above;<\/li>\n<li><strong>tray<\/strong>\u00a0&#8211; great for older kids;<\/li>\n<li><strong>cup holder<\/strong>\u00a0&#8211; in response to a call for help with a cup of coffee\u00a0<img decoding=\"async\" class=\"emoji\" role=\"img\" draggable=\"false\" src=\"https:\/\/s.w.org\/images\/core\/emoji\/14.0.0\/svg\/1f609.svg\" alt=\"\" \/>\u00a0&#8211; it was theoretically, because in practice we usually have a children&#8217;s water bottle there,<br \/>\n<img loading=\"lazy\" decoding=\"async\" class=\"aligncenter wp-image-33189 size-full\" src=\"https:\/\/agnieszkakudela.pl\/wp-content\/uploads\/2018\/06\/AgnieszkaKudela_pl_Easywalker_Buggy-3.jpg\" sizes=\"auto, (max-width: 1600px) 100vw, 1600px\" srcset=\"https:\/\/agnieszkakudela.pl\/wp-content\/uploads\/2018\/06\/AgnieszkaKudela_pl_Easywalker_Buggy-3.jpg 1600w, https:\/\/agnieszkakudela.pl\/wp-content\/uploads\/2018\/06\/AgnieszkaKudela_pl_Easywalker_Buggy-3-600x401.jpg 600w, https:\/\/agnieszkakudela.pl\/wp-content\/uploads\/2018\/06\/AgnieszkaKudela_pl_Easywalker_Buggy-3-300x200.jpg 300w, https:\/\/agnieszkakudela.pl\/wp-content\/uploads\/2018\/06\/AgnieszkaKudela_pl_Easywalker_Buggy-3-768x513.jpg 768w, https:\/\/agnieszkakudela.pl\/wp-content\/uploads\/2018\/06\/AgnieszkaKudela_pl_Easywalker_Buggy-3-1024x684.jpg 1024w\" alt=\"easywalker buggy water bottle cup holder\" width=\"1600\" height=\"1068\" \/><\/li>\n<li><strong>trolley bag<\/strong>\u00a0&#8211; thanks to which the stroller in the car seat does not dirty it, and above all protects it when traveling by plane<\/li>\n<\/ul>\n<h3><\/h3>\n<h3>Price<\/h3>\n<p>The price of the MINI by Easywalker Buggy starts from PLN 970, it is not the cheapest stroller on the market, but in my opinion it is worth this amount, because it will last for the entire period of a child&#8217;s stroller (and even two or three), it is really comfortable in everyday use.<\/p>\n<p>&nbsp;<\/p>\n<h3>Buggy Summary<\/h3>\n<table>\n<tbody>\n<tr>\n<td width=\"302\">Weight<\/td>\n<td width=\"302\">6,5 kg.<\/td>\n<\/tr>\n<tr>\n<td width=\"302\">Folded dimensions<\/td>\n<td width=\"302\">100 24 cm x cm<\/td>\n<\/tr>\n<tr>\n<td width=\"302\">Dimensions when unfolded<\/td>\n<td width=\"302\">48 x 76 x 103 cm<\/td>\n<\/tr>\n<tr>\n<td width=\"302\">Shopping basket<\/td>\n<td width=\"302\">5 kg.<\/td>\n<\/tr>\n<tr>\n<td width=\"302\">Maximum child&#8217;s weight<\/td>\n<td width=\"302\">20 kg.<\/td>\n<\/tr>\n<\/tbody>\n<\/table>\n<h3><\/h3>\n<h3>Summary of Buggy +<\/h3>\n<table>\n<tbody>\n<tr>\n<td width=\"302\">Weight<\/td>\n<td width=\"302\">8 kg.<\/td>\n<\/tr>\n<tr>\n<td width=\"302\">Folded dimensions<\/td>\n<td width=\"302\">107 24 cm x cm<\/td>\n<\/tr>\n<tr>\n<td width=\"302\">Dimensions when unfolded<\/td>\n<td width=\"302\">79 cm x 47 cm x 107-110 cm<br \/>\n(adjustable handle height)<\/td>\n<\/tr>\n<tr>\n<td width=\"302\">Shopping basket<\/td>\n<td width=\"302\">5 kg.<\/td>\n<\/tr>\n<tr>\n<td width=\"302\">Maximum child&#8217;s weight<\/td>\n<td width=\"302\">20 kg.<\/td>\n<\/tr>\n<\/tbody>\n<\/table>\n<p>&nbsp;<\/p>\n<p class=\"gt-block\"><strong><a href=\"https:\/\/www.facebook.com\/easywalkerpolska\" target=\"_blank\" rel=\"noopener noreferrer\">Mini by Easywalker Buggy<\/a>\u00a0this is a perfect stroller<\/strong>, and its possible disadvantages, i.e. relatively small wheels and low handles, were corrected in his successor, who just hit the stores:\u00a0<strong>Easywalker Buggy<\/strong>+ that he just has\u00a0<strong>larger wheels and adjustable handles<\/strong>. It&#8217;s a stroller, which thanks to the flat folding seat\u00a0<strong>Suitable for children from birth<\/strong>and it is enough until\u00a0<strong>until the end of the trolley period<\/strong>\u00a0Children, thanks to the large size of the seat and extremely durable materials &#8211; we have made hundreds of kilometers with our stroller on Roman cobblestones and Tuscan roads, we have already flew several times by plane.\u00a0<strong>Car seat adapters<\/strong>\u00a0make it unmatched on the market. Thanks to the original design in many colors, I am sure that everyone will choose something for themselves.<\/p>\n<p>&nbsp;<\/p>\n<p>&nbsp;<\/p>\n<p class=\"gt-block\">Do you want to be up to date with me?<br \/>\n<strong>Join me on\u00a0<a href=\"https:\/\/www.facebook.com\/AgnieszkaKudelaPL\/\">Facebook<\/a>\u00a0i\u00a0<a href=\"https:\/\/www.instagram.com\/agnieszka.kudela\/\">Instagram<\/a>.<\/strong><\/p>\n","protected":false},"excerpt":{"rendered":"<p>Easywalker Buggy is a stroller that has been accompanying us from the first months of Maks&#8217;s life, we also took her to Rome, where we spent the whole family up to a month, every day using long, often over ten-kilometer walks. How did it work&#8230;<\/p>\n","protected":false},"author":5,"featured_media":58586,"comment_status":"open","ping_status":"closed","sticky":false,"template":"","format":"standard","meta":{"footnotes":""},"categories":[788,797],"tags":[986],"class_list":["post-61959","post","type-post","status-publish","format-standard","has-post-thumbnail","hentry","category-parentingowy","category-truck-tests","tag-trolley-tests"],"yoast_head":"<!-- This site is optimized with the Yoast SEO plugin v26.5 - https:\/\/yoast.com\/wordpress\/plugins\/seo\/ -->\n<title>Easywalker Buggy - BLOG<\/title>\n<meta name=\"description\" content=\"Czytaj wi\u0119cej na blogu Agnieszki w temacie Easywalker Buggy Zapraszam! :)\" \/>\n<meta name=\"robots\" content=\"index, follow, max-snippet:-1, max-image-preview:large, max-video-preview:-1\" \/>\n<meta property=\"og:locale\" content=\"en_US\" \/>\n<meta property=\"og:type\" content=\"article\" \/>\n<meta property=\"og:title\" content=\"Easywalker Buggy - BLOG\" \/>\n<meta property=\"og:description\" content=\"Czytaj wi\u0119cej na blogu Agnieszki w temacie Easywalker Buggy Zapraszam! :)\" \/>\n<meta property=\"og:url\" content=\"https:\/\/agnieszkakudela.pl\/en\/mini-by-easywalker-buggy\/\" \/>\n<meta property=\"og:site_name\" content=\"AgnieszkaKudela.pl\" \/>\n<meta property=\"article:published_time\" content=\"2018-06-14T19:47:06+00:00\" \/>\n<meta property=\"article:modified_time\" content=\"2023-11-30T14:34:08+00:00\" \/>\n<meta property=\"og:image\" content=\"https:\/\/agnieszkakudela.pl\/wp-content\/uploads\/2018\/06\/AgnieszkaKudela_pl_Easywalker_Buggy_Recenzja.jpg\" \/>\n\t<meta property=\"og:image:width\" content=\"1600\" \/>\n\t<meta property=\"og:image:height\" content=\"941\" \/>\n\t<meta property=\"og:image:type\" content=\"image\/jpeg\" \/>\n<meta name=\"author\" content=\"Agnieszka Kudela\" \/>\n<meta name=\"twitter:card\" content=\"summary_large_image\" \/>\n<meta name=\"twitter:label1\" content=\"Written by\" \/>\n\t<meta name=\"twitter:data1\" content=\"Agnieszka Kudela\" \/>\n\t<meta name=\"twitter:label2\" content=\"Est. reading time\" \/>\n\t<meta name=\"twitter:data2\" content=\"7 minutes\" \/>\n<script type=\"application\/ld+json\" class=\"yoast-schema-graph\">{\"@context\":\"https:\/\/schema.org\",\"@graph\":[{\"@type\":\"WebPage\",\"@id\":\"https:\/\/agnieszkakudela.pl\/en\/mini-by-easywalker-buggy\/\",\"url\":\"https:\/\/agnieszkakudela.pl\/en\/mini-by-easywalker-buggy\/\",\"name\":\"Easywalker Buggy - BLOG\",\"isPartOf\":{\"@id\":\"https:\/\/agnieszkakudela.pl\/en\/#website\"},\"primaryImageOfPage\":{\"@id\":\"https:\/\/agnieszkakudela.pl\/en\/mini-by-easywalker-buggy\/#primaryimage\"},\"image\":{\"@id\":\"https:\/\/agnieszkakudela.pl\/en\/mini-by-easywalker-buggy\/#primaryimage\"},\"thumbnailUrl\":\"https:\/\/agnieszkakudela.pl\/wp-content\/uploads\/2018\/06\/AgnieszkaKudela_pl_Easywalker_Buggy_Recenzja.jpg\",\"datePublished\":\"2018-06-14T19:47:06+00:00\",\"dateModified\":\"2023-11-30T14:34:08+00:00\",\"author\":{\"@id\":\"https:\/\/agnieszkakudela.pl\/en\/#\/schema\/person\/e538a184b6cbde658181d9c571e51014\"},\"description\":\"Czytaj wi\u0119cej na blogu Agnieszki w temacie Easywalker Buggy Zapraszam! :)\",\"breadcrumb\":{\"@id\":\"https:\/\/agnieszkakudela.pl\/en\/mini-by-easywalker-buggy\/#breadcrumb\"},\"inLanguage\":\"en-US\",\"potentialAction\":[{\"@type\":\"ReadAction\",\"target\":[\"https:\/\/agnieszkakudela.pl\/en\/mini-by-easywalker-buggy\/\"]}]},{\"@type\":\"ImageObject\",\"inLanguage\":\"en-US\",\"@id\":\"https:\/\/agnieszkakudela.pl\/en\/mini-by-easywalker-buggy\/#primaryimage\",\"url\":\"https:\/\/agnieszkakudela.pl\/wp-content\/uploads\/2018\/06\/AgnieszkaKudela_pl_Easywalker_Buggy_Recenzja.jpg\",\"contentUrl\":\"https:\/\/agnieszkakudela.pl\/wp-content\/uploads\/2018\/06\/AgnieszkaKudela_pl_Easywalker_Buggy_Recenzja.jpg\",\"width\":1600,\"height\":941},{\"@type\":\"BreadcrumbList\",\"@id\":\"https:\/\/agnieszkakudela.pl\/en\/mini-by-easywalker-buggy\/#breadcrumb\",\"itemListElement\":[{\"@type\":\"ListItem\",\"position\":1,\"name\":\"Strona g\u0142\u00f3wna\",\"item\":\"https:\/\/agnieszkakudela.pl\/en\/\"},{\"@type\":\"ListItem\",\"position\":2,\"name\":\"Easywalker Buggy\"}]},{\"@type\":\"WebSite\",\"@id\":\"https:\/\/agnieszkakudela.pl\/en\/#website\",\"url\":\"https:\/\/agnieszkakudela.pl\/en\/\",\"name\":\"AgnieszkaKudela.pl\",\"description\":\"Blog parentingowy i modowy, prowadzony przez Wedding Plannerk\u0119, Mam\u0119 2,5 letniego Miko\u0142aja, oczekuj\u0105c\u0105 kolejnego Maluszka.\",\"potentialAction\":[{\"@type\":\"SearchAction\",\"target\":{\"@type\":\"EntryPoint\",\"urlTemplate\":\"https:\/\/agnieszkakudela.pl\/en\/?s={search_term_string}\"},\"query-input\":{\"@type\":\"PropertyValueSpecification\",\"valueRequired\":true,\"valueName\":\"search_term_string\"}}],\"inLanguage\":\"en-US\"},{\"@type\":\"Person\",\"@id\":\"https:\/\/agnieszkakudela.pl\/en\/#\/schema\/person\/e538a184b6cbde658181d9c571e51014\",\"name\":\"Agnieszka Kudela\",\"image\":{\"@type\":\"ImageObject\",\"inLanguage\":\"en-US\",\"@id\":\"https:\/\/agnieszkakudela.pl\/en\/#\/schema\/person\/image\/\",\"url\":\"https:\/\/secure.gravatar.com\/avatar\/da1240766bd16abd7f65896e4eaa3d817a8133260c351e451df7ab9eb9c60e5d?s=96&d=identicon&r=g\",\"contentUrl\":\"https:\/\/secure.gravatar.com\/avatar\/da1240766bd16abd7f65896e4eaa3d817a8133260c351e451df7ab9eb9c60e5d?s=96&d=identicon&r=g\",\"caption\":\"Agnieszka Kudela\"},\"url\":\"https:\/\/agnieszkakudela.pl\/en\/author\/milena\/\"}]}<\/script>\n<!-- \/ Yoast SEO plugin. -->","yoast_head_json":{"title":"Easywalker Buggy - BLOG","description":"Czytaj wi\u0119cej na blogu Agnieszki w temacie Easywalker Buggy Zapraszam! :)","robots":{"index":"index","follow":"follow","max-snippet":"max-snippet:-1","max-image-preview":"max-image-preview:large","max-video-preview":"max-video-preview:-1"},"og_locale":"en_US","og_type":"article","og_title":"Easywalker Buggy - BLOG","og_description":"Czytaj wi\u0119cej na blogu Agnieszki w temacie Easywalker Buggy Zapraszam! :)","og_url":"https:\/\/agnieszkakudela.pl\/en\/mini-by-easywalker-buggy\/","og_site_name":"AgnieszkaKudela.pl","article_published_time":"2018-06-14T19:47:06+00:00","article_modified_time":"2023-11-30T14:34:08+00:00","og_image":[{"width":1600,"height":941,"url":"https:\/\/agnieszkakudela.pl\/wp-content\/uploads\/2018\/06\/AgnieszkaKudela_pl_Easywalker_Buggy_Recenzja.jpg","type":"image\/jpeg"}],"author":"Agnieszka Kudela","twitter_card":"summary_large_image","twitter_misc":{"Written by":"Agnieszka Kudela","Est. reading time":"7 minutes"},"schema":{"@context":"https:\/\/schema.org","@graph":[{"@type":"WebPage","@id":"https:\/\/agnieszkakudela.pl\/en\/mini-by-easywalker-buggy\/","url":"https:\/\/agnieszkakudela.pl\/en\/mini-by-easywalker-buggy\/","name":"Easywalker Buggy - BLOG","isPartOf":{"@id":"https:\/\/agnieszkakudela.pl\/en\/#website"},"primaryImageOfPage":{"@id":"https:\/\/agnieszkakudela.pl\/en\/mini-by-easywalker-buggy\/#primaryimage"},"image":{"@id":"https:\/\/agnieszkakudela.pl\/en\/mini-by-easywalker-buggy\/#primaryimage"},"thumbnailUrl":"https:\/\/agnieszkakudela.pl\/wp-content\/uploads\/2018\/06\/AgnieszkaKudela_pl_Easywalker_Buggy_Recenzja.jpg","datePublished":"2018-06-14T19:47:06+00:00","dateModified":"2023-11-30T14:34:08+00:00","author":{"@id":"https:\/\/agnieszkakudela.pl\/en\/#\/schema\/person\/e538a184b6cbde658181d9c571e51014"},"description":"Czytaj wi\u0119cej na blogu Agnieszki w temacie Easywalker Buggy Zapraszam! :)","breadcrumb":{"@id":"https:\/\/agnieszkakudela.pl\/en\/mini-by-easywalker-buggy\/#breadcrumb"},"inLanguage":"en-US","potentialAction":[{"@type":"ReadAction","target":["https:\/\/agnieszkakudela.pl\/en\/mini-by-easywalker-buggy\/"]}]},{"@type":"ImageObject","inLanguage":"en-US","@id":"https:\/\/agnieszkakudela.pl\/en\/mini-by-easywalker-buggy\/#primaryimage","url":"https:\/\/agnieszkakudela.pl\/wp-content\/uploads\/2018\/06\/AgnieszkaKudela_pl_Easywalker_Buggy_Recenzja.jpg","contentUrl":"https:\/\/agnieszkakudela.pl\/wp-content\/uploads\/2018\/06\/AgnieszkaKudela_pl_Easywalker_Buggy_Recenzja.jpg","width":1600,"height":941},{"@type":"BreadcrumbList","@id":"https:\/\/agnieszkakudela.pl\/en\/mini-by-easywalker-buggy\/#breadcrumb","itemListElement":[{"@type":"ListItem","position":1,"name":"Strona g\u0142\u00f3wna","item":"https:\/\/agnieszkakudela.pl\/en\/"},{"@type":"ListItem","position":2,"name":"Easywalker Buggy"}]},{"@type":"WebSite","@id":"https:\/\/agnieszkakudela.pl\/en\/#website","url":"https:\/\/agnieszkakudela.pl\/en\/","name":"AgnieszkaKudela.pl","description":"Blog parentingowy i modowy, prowadzony przez Wedding Plannerk\u0119, Mam\u0119 2,5 letniego Miko\u0142aja, oczekuj\u0105c\u0105 kolejnego Maluszka.","potentialAction":[{"@type":"SearchAction","target":{"@type":"EntryPoint","urlTemplate":"https:\/\/agnieszkakudela.pl\/en\/?s={search_term_string}"},"query-input":{"@type":"PropertyValueSpecification","valueRequired":true,"valueName":"search_term_string"}}],"inLanguage":"en-US"},{"@type":"Person","@id":"https:\/\/agnieszkakudela.pl\/en\/#\/schema\/person\/e538a184b6cbde658181d9c571e51014","name":"Agnieszka Kudela","image":{"@type":"ImageObject","inLanguage":"en-US","@id":"https:\/\/agnieszkakudela.pl\/en\/#\/schema\/person\/image\/","url":"https:\/\/secure.gravatar.com\/avatar\/da1240766bd16abd7f65896e4eaa3d817a8133260c351e451df7ab9eb9c60e5d?s=96&d=identicon&r=g","contentUrl":"https:\/\/secure.gravatar.com\/avatar\/da1240766bd16abd7f65896e4eaa3d817a8133260c351e451df7ab9eb9c60e5d?s=96&d=identicon&r=g","caption":"Agnieszka Kudela"},"url":"https:\/\/agnieszkakudela.pl\/en\/author\/milena\/"}]}},"_links":{"self":[{"href":"https:\/\/agnieszkakudela.pl\/en\/wp-json\/wp\/v2\/posts\/61959","targetHints":{"allow":["GET"]}}],"collection":[{"href":"https:\/\/agnieszkakudela.pl\/en\/wp-json\/wp\/v2\/posts"}],"about":[{"href":"https:\/\/agnieszkakudela.pl\/en\/wp-json\/wp\/v2\/types\/post"}],"author":[{"embeddable":true,"href":"https:\/\/agnieszkakudela.pl\/en\/wp-json\/wp\/v2\/users\/5"}],"replies":[{"embeddable":true,"href":"https:\/\/agnieszkakudela.pl\/en\/wp-json\/wp\/v2\/comments?post=61959"}],"version-history":[{"count":0,"href":"https:\/\/agnieszkakudela.pl\/en\/wp-json\/wp\/v2\/posts\/61959\/revisions"}],"wp:featuredmedia":[{"embeddable":true,"href":"https:\/\/agnieszkakudela.pl\/en\/wp-json\/wp\/v2\/media\/58586"}],"wp:attachment":[{"href":"https:\/\/agnieszkakudela.pl\/en\/wp-json\/wp\/v2\/media?parent=61959"}],"wp:term":[{"taxonomy":"category","embeddable":true,"href":"https:\/\/agnieszkakudela.pl\/en\/wp-json\/wp\/v2\/categories?post=61959"},{"taxonomy":"post_tag","embeddable":true,"href":"https:\/\/agnieszkakudela.pl\/en\/wp-json\/wp\/v2\/tags?post=61959"}],"curies":[{"name":"wp","href":"https:\/\/api.w.org\/{rel}","templated":true}]}}