{"id":61965,"date":"2018-03-03T15:05:17","date_gmt":"2018-03-03T14:05:17","guid":{"rendered":"https:\/\/dev.agnieszkakudela.pl\/cybex-priam\/"},"modified":"2023-11-30T15:44:52","modified_gmt":"2023-11-30T14:44:52","slug":"cybex-priam","status":"publish","type":"post","link":"https:\/\/agnieszkakudela.pl\/en\/cybex-priam\/","title":{"rendered":"Cybex Priam"},"content":{"rendered":"<p>Cybex Priam is said to be a perfect children&#8217;s stroller, a stroller in which the stars transport their children. To form our own opinion, we decided to test &#8211; for ourselves and for you &#8211; whether it is really as good as they say about it.<\/p>\n<p><!--more--><\/p>\n<article id=\"https:\/\/agnieszkakudela.pl\/cybex-priam\/\" class=\"post-32880 post type-post status-publish format-standard has-post-thumbnail hentry category-parentingowy category-testy-wozkow tag-testy-wozkow\" data-initial-post=\"true\">\n<div class=\"qodef-post-content\">\n<div class=\"qodef-post-text\">\n<div class=\"qodef-post-text-inner clearfix\">\n<h3>Cybex Priam &#8211; stroller test<\/h3>\n<p>&nbsp;<\/p>\n<p>Until recently, Cybex Priam is a stroller that was difficult to get &#8211; now you can find it online.<\/p>\n<p>When choosing Cybex Priam, we choose the frame, depending on our requirements: a gondola, a LUX stroller seat that folds flat, or a Light seat (2in1) &#8211; a bucket seat with a gondola, a car seat and wheels.<\/p>\n<p class=\"gt-block\">We tested\u00a0<strong>Cybex Priam with Lux seat and gondola and trekking wheels<\/strong>in\u00a0<strong>limited<\/strong>\u00a0version\u00a0<strong>Birds of Paradise<\/strong>.<\/p>\n<p><img loading=\"lazy\" decoding=\"async\" class=\"aligncenter wp-image-34607 size-full\" src=\"https:\/\/agnieszkakudela.pl\/wp-content\/uploads\/2018\/08\/Priam_Cybex_AgnieszkaKudela_pl-39.jpg\" sizes=\"auto, (max-width: 1600px) 100vw, 1600px\" srcset=\"https:\/\/agnieszkakudela.pl\/wp-content\/uploads\/2018\/08\/Priam_Cybex_AgnieszkaKudela_pl-39.jpg 1600w, https:\/\/agnieszkakudela.pl\/wp-content\/uploads\/2018\/08\/Priam_Cybex_AgnieszkaKudela_pl-39-600x401.jpg 600w, https:\/\/agnieszkakudela.pl\/wp-content\/uploads\/2018\/08\/Priam_Cybex_AgnieszkaKudela_pl-39-300x200.jpg 300w, https:\/\/agnieszkakudela.pl\/wp-content\/uploads\/2018\/08\/Priam_Cybex_AgnieszkaKudela_pl-39-768x513.jpg 768w, https:\/\/agnieszkakudela.pl\/wp-content\/uploads\/2018\/08\/Priam_Cybex_AgnieszkaKudela_pl-39-1024x684.jpg 1024w\" alt=\"cybex priam review\" width=\"1600\" height=\"1068\" \/><img loading=\"lazy\" decoding=\"async\" class=\"aligncenter wp-image-34545 size-full\" src=\"https:\/\/agnieszkakudela.pl\/wp-content\/uploads\/2018\/06\/AgnieszkaKudela.pl-Hotel-Grand-Lubicz-Ustka-30.jpg\" sizes=\"auto, (max-width: 1800px) 100vw, 1800px\" srcset=\"https:\/\/agnieszkakudela.pl\/wp-content\/uploads\/2018\/06\/AgnieszkaKudela.pl-Hotel-Grand-Lubicz-Ustka-30.jpg 1800w, https:\/\/agnieszkakudela.pl\/wp-content\/uploads\/2018\/06\/AgnieszkaKudela.pl-Hotel-Grand-Lubicz-Ustka-30-600x401.jpg 600w, https:\/\/agnieszkakudela.pl\/wp-content\/uploads\/2018\/06\/AgnieszkaKudela.pl-Hotel-Grand-Lubicz-Ustka-30-300x200.jpg 300w, https:\/\/agnieszkakudela.pl\/wp-content\/uploads\/2018\/06\/AgnieszkaKudela.pl-Hotel-Grand-Lubicz-Ustka-30-768x513.jpg 768w, https:\/\/agnieszkakudela.pl\/wp-content\/uploads\/2018\/06\/AgnieszkaKudela.pl-Hotel-Grand-Lubicz-Ustka-30-1024x684.jpg 1024w\" alt=\"cybex priam reviews\" width=\"1800\" height=\"1202\" \/><\/p>\n<p>&nbsp;<\/p>\n<h3>Frame and wheels<\/h3>\n<p>Regarding the frame and wheels, I can say with full confidence that this is a stroller that drives best of all the strollers I&#8217;ve ever had the opportunity to test. It is run very lightly, it even glides along the pavement, as if it was swimming.<\/p>\n<p>&nbsp;<\/p>\n<p class=\"gt-block\"><strong>Aluminum frame<\/strong>\u00a0occurs with three types of wheels:\u00a0<strong>light<\/strong>\u00a0&#8211; on even surfaces, such as streets or pavements,\u00a0<strong>trekkingowymi<\/strong>\u00a0&#8211; a solution for different routes and\u00a0<strong>all terrain<\/strong>\u00a0&#8211; even suitable for bumpy roads such as mountains.<\/p>\n<p>&nbsp;<\/p>\n<p>We decided to test the trekking version to check the trolley on various surfaces.<\/p>\n<p>&nbsp;<\/p>\n<p class=\"gt-block\">Front wheels can be used\u00a0<strong>lock for straight ahead<\/strong>and all wheels can be removed, whether for cleaning or easier transport.<\/p>\n<p>&nbsp;<\/p>\n<p>It is also possible to fold the stroller into two-wheel mode without removing the seat to pull it on two wheels over difficult surfaces, such as the beach or stairs.<\/p>\n<p>&nbsp;<\/p>\n<p><img loading=\"lazy\" decoding=\"async\" class=\"aligncenter wp-image-34563 size-full\" src=\"https:\/\/agnieszkakudela.pl\/wp-content\/uploads\/2018\/06\/Priam_Cybex_AgnieszkaKudela_pl-49.jpg\" sizes=\"auto, (max-width: 1600px) 100vw, 1600px\" srcset=\"https:\/\/agnieszkakudela.pl\/wp-content\/uploads\/2018\/06\/Priam_Cybex_AgnieszkaKudela_pl-49.jpg 1600w, https:\/\/agnieszkakudela.pl\/wp-content\/uploads\/2018\/06\/Priam_Cybex_AgnieszkaKudela_pl-49-600x401.jpg 600w, https:\/\/agnieszkakudela.pl\/wp-content\/uploads\/2018\/06\/Priam_Cybex_AgnieszkaKudela_pl-49-300x200.jpg 300w, https:\/\/agnieszkakudela.pl\/wp-content\/uploads\/2018\/06\/Priam_Cybex_AgnieszkaKudela_pl-49-768x513.jpg 768w, https:\/\/agnieszkakudela.pl\/wp-content\/uploads\/2018\/06\/Priam_Cybex_AgnieszkaKudela_pl-49-1024x684.jpg 1024w\" alt=\"cybex priam trekking wheels\" width=\"1600\" height=\"1068\" \/><\/p>\n<p>&nbsp;<\/p>\n<p>&nbsp;<\/p>\n<h3>Depreciation<\/h3>\n<p class=\"gt-block\">The wheels really do\u00a0<strong>solid depreciation<\/strong>\u0119. You can see how the shock absorbers near the wheels choose every smallest bump and dimple so that the trolley moves smoothly on the surface &#8211; whatever it is. It is really great! My first impression after pushing this cart is: &#8220;<strong>He is driving alone!<\/strong>&#8220;<\/p>\n<p>&nbsp;<\/p>\n<p>&nbsp;<\/p>\n<h3>holder<\/h3>\n<p class=\"gt-block\"><strong>Telescopic, extendable to different heights<\/strong>\u00a0&#8211; the lowest position is 99 cm and the highest &#8211; 110 cm. So it is a stroller suitable for both shorter and taller people.<\/p>\n<p>&nbsp;<\/p>\n<p>&nbsp;<\/p>\n<p>&nbsp;<\/p>\n<h3>Safety leash<\/h3>\n<p>The solution taken from the cross-country strollers provides additional safety, for example when running with a stroller or descending a very high mountain. (Although it is not a jogging stroller, I personally see no contraindications for running with it along the appropriate paths &#8211; after all, it almost rolls by itself).<\/p>\n<p><img loading=\"lazy\" decoding=\"async\" class=\"aligncenter wp-image-34557 size-full\" src=\"https:\/\/agnieszkakudela.pl\/wp-content\/uploads\/2018\/06\/AgnieszkaKudela.pl-Hotel-Grand-Lubicz-Ustka-116.jpg\" sizes=\"auto, (max-width: 1800px) 100vw, 1800px\" srcset=\"https:\/\/agnieszkakudela.pl\/wp-content\/uploads\/2018\/06\/AgnieszkaKudela.pl-Hotel-Grand-Lubicz-Ustka-116.jpg 1800w, https:\/\/agnieszkakudela.pl\/wp-content\/uploads\/2018\/06\/AgnieszkaKudela.pl-Hotel-Grand-Lubicz-Ustka-116-600x401.jpg 600w, https:\/\/agnieszkakudela.pl\/wp-content\/uploads\/2018\/06\/AgnieszkaKudela.pl-Hotel-Grand-Lubicz-Ustka-116-300x200.jpg 300w, https:\/\/agnieszkakudela.pl\/wp-content\/uploads\/2018\/06\/AgnieszkaKudela.pl-Hotel-Grand-Lubicz-Ustka-116-768x513.jpg 768w, https:\/\/agnieszkakudela.pl\/wp-content\/uploads\/2018\/06\/AgnieszkaKudela.pl-Hotel-Grand-Lubicz-Ustka-116-1024x684.jpg 1024w\" alt=\"cybex priam birds of paradise\" width=\"1800\" height=\"1202\" \/><\/p>\n<p>&nbsp;<\/p>\n<p>&nbsp;<\/p>\n<h3>Shopping basket<\/h3>\n<p class=\"gt-block\">We eat very much and easily available &#8211;\u00a0<strong>built-in and closed with a magnetic clasp<\/strong>, thanks to which what we have inside will neither fall out nor get dirty with dirt or mud from the road or street. The maximum basket load is 5 kg.<\/p>\n<p><img loading=\"lazy\" decoding=\"async\" class=\"aligncenter wp-image-34564 size-full\" src=\"https:\/\/agnieszkakudela.pl\/wp-content\/uploads\/2018\/06\/Priam_Cybex_AgnieszkaKudela_pl-7-1.jpg\" sizes=\"auto, (max-width: 1600px) 100vw, 1600px\" srcset=\"https:\/\/agnieszkakudela.pl\/wp-content\/uploads\/2018\/06\/Priam_Cybex_AgnieszkaKudela_pl-7-1.jpg 1600w, https:\/\/agnieszkakudela.pl\/wp-content\/uploads\/2018\/06\/Priam_Cybex_AgnieszkaKudela_pl-7-1-600x401.jpg 600w, https:\/\/agnieszkakudela.pl\/wp-content\/uploads\/2018\/06\/Priam_Cybex_AgnieszkaKudela_pl-7-1-300x200.jpg 300w, https:\/\/agnieszkakudela.pl\/wp-content\/uploads\/2018\/06\/Priam_Cybex_AgnieszkaKudela_pl-7-1-768x513.jpg 768w, https:\/\/agnieszkakudela.pl\/wp-content\/uploads\/2018\/06\/Priam_Cybex_AgnieszkaKudela_pl-7-1-1024x684.jpg 1024w\" alt=\"cybex priam basket\" width=\"1600\" height=\"1068\" \/><\/p>\n<p>&nbsp;<\/p>\n<p>&nbsp;<\/p>\n<h3>Brake<\/h3>\n<p class=\"gt-block\">My favorite &#8211;\u00a0<strong>pulled and released by pressing with a foot<\/strong>\u00a0&#8211; thanks to which it is not scary for us when we have sandals on our feet, or clean autumn shoes, because you never have to pull it up with your foot, which is almost a miracle in bare feet, and in winter it is simply dirty from mud and dust that settle on the suspension and brake.<\/p>\n<p>&nbsp;<\/p>\n<p>&nbsp;<\/p>\n<h3>Shed<\/h3>\n<p>The booth in Cybex Priam is probably one of the things that delighted me the most &#8211; it is huge, in an XXL version! It is deep in itself, but there is a possibility of its additional unfolding &#8211; revealing the peek-a-boo window. Perfectly protects against sun (UVP50 +) and wind.<\/p>\n<p><img loading=\"lazy\" decoding=\"async\" class=\"aligncenter wp-image-34559 size-full\" src=\"https:\/\/agnieszkakudela.pl\/wp-content\/uploads\/2018\/06\/Priam_Cybex_AgnieszkaKudela_pl-27.jpg\" sizes=\"auto, (max-width: 1600px) 100vw, 1600px\" srcset=\"https:\/\/agnieszkakudela.pl\/wp-content\/uploads\/2018\/06\/Priam_Cybex_AgnieszkaKudela_pl-27.jpg 1600w, https:\/\/agnieszkakudela.pl\/wp-content\/uploads\/2018\/06\/Priam_Cybex_AgnieszkaKudela_pl-27-600x401.jpg 600w, https:\/\/agnieszkakudela.pl\/wp-content\/uploads\/2018\/06\/Priam_Cybex_AgnieszkaKudela_pl-27-300x200.jpg 300w, https:\/\/agnieszkakudela.pl\/wp-content\/uploads\/2018\/06\/Priam_Cybex_AgnieszkaKudela_pl-27-768x513.jpg 768w, https:\/\/agnieszkakudela.pl\/wp-content\/uploads\/2018\/06\/Priam_Cybex_AgnieszkaKudela_pl-27-1024x684.jpg 1024w\" alt=\"cybex priam booth\" width=\"1600\" height=\"1068\" \/><img loading=\"lazy\" decoding=\"async\" class=\"aligncenter wp-image-34557 size-full\" src=\"https:\/\/agnieszkakudela.pl\/wp-content\/uploads\/2018\/06\/AgnieszkaKudela.pl-Hotel-Grand-Lubicz-Ustka-116.jpg\" sizes=\"auto, (max-width: 1800px) 100vw, 1800px\" srcset=\"https:\/\/agnieszkakudela.pl\/wp-content\/uploads\/2018\/06\/AgnieszkaKudela.pl-Hotel-Grand-Lubicz-Ustka-116.jpg 1800w, https:\/\/agnieszkakudela.pl\/wp-content\/uploads\/2018\/06\/AgnieszkaKudela.pl-Hotel-Grand-Lubicz-Ustka-116-600x401.jpg 600w, https:\/\/agnieszkakudela.pl\/wp-content\/uploads\/2018\/06\/AgnieszkaKudela.pl-Hotel-Grand-Lubicz-Ustka-116-300x200.jpg 300w, https:\/\/agnieszkakudela.pl\/wp-content\/uploads\/2018\/06\/AgnieszkaKudela.pl-Hotel-Grand-Lubicz-Ustka-116-768x513.jpg 768w, https:\/\/agnieszkakudela.pl\/wp-content\/uploads\/2018\/06\/AgnieszkaKudela.pl-Hotel-Grand-Lubicz-Ustka-116-1024x684.jpg 1024w\" alt=\"cybex priam trolley test\" width=\"1800\" height=\"1202\" \/><\/p>\n<p>&nbsp;<\/p>\n<p>&nbsp;<\/p>\n<h3>Gondolas<\/h3>\n<p class=\"gt-block\">Masterpiece! Very\u00a0<strong>deep and built-up<\/strong>\u00a0&#8211; it is an ideal solution especially for people living by the sea, like us. I have never seen a pram such a built-up gondola on the market &#8211; the cover reaches high and is fastened with latches, which, combined with a very large booth, makes the child completely covered, you can barely see it! The child is super protected against rain or wind. The rain cover is probably completely unnecessary with a stroller like the Cybex Priam.<\/p>\n<p>&nbsp;<\/p>\n<p class=\"gt-block\">Furthermore\u00a0<strong>the gondola is up to 90 cm long<\/strong>! I have never met such a large gondola (for example, in Dubatti it is 74 cm, in Bugaboo Cameleon 76 cm, Mutsy Evo 75 cm). There is simply no chance or fear that the child will grow out of the gondola and you will be forced to move them into the stroller when it is not ready yet. It also has\u00a0<strong>bail<\/strong>, which allows comfortable wearing also with the baby inside.<\/p>\n<p>&nbsp;<\/p>\n<p class=\"gt-block\"><strong>mattress<\/strong>\u00a0in the gondola it is thick and comfortable &#8211; made of Memory Foam.<\/p>\n<p><img loading=\"lazy\" decoding=\"async\" class=\"aligncenter wp-image-34569 size-full\" src=\"https:\/\/agnieszkakudela.pl\/wp-content\/uploads\/2018\/06\/Priam_Cybex_AgnieszkaKudela_pl-95.jpg\" sizes=\"auto, (max-width: 1600px) 100vw, 1600px\" srcset=\"https:\/\/agnieszkakudela.pl\/wp-content\/uploads\/2018\/06\/Priam_Cybex_AgnieszkaKudela_pl-95.jpg 1600w, https:\/\/agnieszkakudela.pl\/wp-content\/uploads\/2018\/06\/Priam_Cybex_AgnieszkaKudela_pl-95-600x401.jpg 600w, https:\/\/agnieszkakudela.pl\/wp-content\/uploads\/2018\/06\/Priam_Cybex_AgnieszkaKudela_pl-95-300x200.jpg 300w, https:\/\/agnieszkakudela.pl\/wp-content\/uploads\/2018\/06\/Priam_Cybex_AgnieszkaKudela_pl-95-768x513.jpg 768w, https:\/\/agnieszkakudela.pl\/wp-content\/uploads\/2018\/06\/Priam_Cybex_AgnieszkaKudela_pl-95-1024x684.jpg 1024w\" alt=\"cybex priam gondola\" width=\"1600\" height=\"1068\" \/><img loading=\"lazy\" decoding=\"async\" class=\"aligncenter wp-image-34604 size-full\" src=\"https:\/\/agnieszkakudela.pl\/wp-content\/uploads\/2018\/06\/Priam_Cybex_AgnieszkaKudela_pl-81.jpg\" sizes=\"auto, (max-width: 1600px) 100vw, 1600px\" srcset=\"https:\/\/agnieszkakudela.pl\/wp-content\/uploads\/2018\/06\/Priam_Cybex_AgnieszkaKudela_pl-81.jpg 1600w, https:\/\/agnieszkakudela.pl\/wp-content\/uploads\/2018\/06\/Priam_Cybex_AgnieszkaKudela_pl-81-600x401.jpg 600w, https:\/\/agnieszkakudela.pl\/wp-content\/uploads\/2018\/06\/Priam_Cybex_AgnieszkaKudela_pl-81-300x200.jpg 300w, https:\/\/agnieszkakudela.pl\/wp-content\/uploads\/2018\/06\/Priam_Cybex_AgnieszkaKudela_pl-81-768x513.jpg 768w, https:\/\/agnieszkakudela.pl\/wp-content\/uploads\/2018\/06\/Priam_Cybex_AgnieszkaKudela_pl-81-1024x684.jpg 1024w\" alt=\"cybex priam trolley\" width=\"1600\" height=\"1068\" \/><img loading=\"lazy\" decoding=\"async\" class=\"aligncenter wp-image-34568 size-full\" src=\"https:\/\/agnieszkakudela.pl\/wp-content\/uploads\/2018\/06\/Priam_Cybex_AgnieszkaKudela_pl-20.jpg\" sizes=\"auto, (max-width: 1600px) 100vw, 1600px\" srcset=\"https:\/\/agnieszkakudela.pl\/wp-content\/uploads\/2018\/06\/Priam_Cybex_AgnieszkaKudela_pl-20.jpg 1600w, https:\/\/agnieszkakudela.pl\/wp-content\/uploads\/2018\/06\/Priam_Cybex_AgnieszkaKudela_pl-20-600x401.jpg 600w, https:\/\/agnieszkakudela.pl\/wp-content\/uploads\/2018\/06\/Priam_Cybex_AgnieszkaKudela_pl-20-300x200.jpg 300w, https:\/\/agnieszkakudela.pl\/wp-content\/uploads\/2018\/06\/Priam_Cybex_AgnieszkaKudela_pl-20-768x513.jpg 768w, https:\/\/agnieszkakudela.pl\/wp-content\/uploads\/2018\/06\/Priam_Cybex_AgnieszkaKudela_pl-20-1024x684.jpg 1024w\" alt=\"cybex pram pram review\" width=\"1600\" height=\"1068\" \/><\/p>\n<p>&nbsp;<\/p>\n<p>&nbsp;<\/p>\n<h3>Walking seat<\/h3>\n<p class=\"gt-block\">Seat version\u00a0<strong>Luxury<\/strong>\u00a0in Cybex Priam is\u00a0<strong>rotated<\/strong>\u00a0&#8211; the child can drive both forward and backward.<\/p>\n<p><img loading=\"lazy\" decoding=\"async\" class=\"aligncenter wp-image-34555 size-full\" src=\"https:\/\/agnieszkakudela.pl\/wp-content\/uploads\/2018\/06\/AgnieszkaKudela.pl-Hotel-Grand-Lubicz-Ustka-113.jpg\" sizes=\"auto, (max-width: 1800px) 100vw, 1800px\" srcset=\"https:\/\/agnieszkakudela.pl\/wp-content\/uploads\/2018\/06\/AgnieszkaKudela.pl-Hotel-Grand-Lubicz-Ustka-113.jpg 1800w, https:\/\/agnieszkakudela.pl\/wp-content\/uploads\/2018\/06\/AgnieszkaKudela.pl-Hotel-Grand-Lubicz-Ustka-113-600x401.jpg 600w, https:\/\/agnieszkakudela.pl\/wp-content\/uploads\/2018\/06\/AgnieszkaKudela.pl-Hotel-Grand-Lubicz-Ustka-113-300x200.jpg 300w, https:\/\/agnieszkakudela.pl\/wp-content\/uploads\/2018\/06\/AgnieszkaKudela.pl-Hotel-Grand-Lubicz-Ustka-113-768x513.jpg 768w, https:\/\/agnieszkakudela.pl\/wp-content\/uploads\/2018\/06\/AgnieszkaKudela.pl-Hotel-Grand-Lubicz-Ustka-113-1024x684.jpg 1024w\" alt=\"cybex priam stroller\" width=\"1800\" height=\"1202\" \/><img loading=\"lazy\" decoding=\"async\" class=\"aligncenter wp-image-34558 size-full\" src=\"https:\/\/agnieszkakudela.pl\/wp-content\/uploads\/2018\/06\/AgnieszkaKudela.pl-Hotel-Grand-Lubicz-Ustka-117.jpg\" sizes=\"auto, (max-width: 1800px) 100vw, 1800px\" srcset=\"https:\/\/agnieszkakudela.pl\/wp-content\/uploads\/2018\/06\/AgnieszkaKudela.pl-Hotel-Grand-Lubicz-Ustka-117.jpg 1800w, https:\/\/agnieszkakudela.pl\/wp-content\/uploads\/2018\/06\/AgnieszkaKudela.pl-Hotel-Grand-Lubicz-Ustka-117-600x401.jpg 600w, https:\/\/agnieszkakudela.pl\/wp-content\/uploads\/2018\/06\/AgnieszkaKudela.pl-Hotel-Grand-Lubicz-Ustka-117-300x200.jpg 300w, https:\/\/agnieszkakudela.pl\/wp-content\/uploads\/2018\/06\/AgnieszkaKudela.pl-Hotel-Grand-Lubicz-Ustka-117-768x513.jpg 768w, https:\/\/agnieszkakudela.pl\/wp-content\/uploads\/2018\/06\/AgnieszkaKudela.pl-Hotel-Grand-Lubicz-Ustka-117-1024x684.jpg 1024w\" alt=\"cybex priam seat lux\" width=\"1800\" height=\"1202\" \/><\/p>\n<p>&nbsp;<\/p>\n<p class=\"gt-block\">Ma\u00a0<strong>high back<\/strong>, our three-year-old son could easily fit in with him. In my opinion it is only\u00a0<strong>a little too shallow<\/strong>, I personally prefer more cozy seats that seem to better protect me from various weather conditions. However, in winter I still install sleeping bags for strollers, which eliminate this disadvantage.<\/p>\n<p>&nbsp;<\/p>\n<p class=\"gt-block\">The seat can be folded out\u00a0<strong>lying down<\/strong>\u00a0&#8211; a very big plus! I love such strollers. The seat is also high enough that it can be used as a chair in a restaurant (fits table height &#8211; 80 cm).<\/p>\n<p><img loading=\"lazy\" decoding=\"async\" class=\"aligncenter wp-image-34549 size-full\" src=\"https:\/\/agnieszkakudela.pl\/wp-content\/uploads\/2018\/06\/AgnieszkaKudela.pl-Hotel-Grand-Lubicz-Ustka-55.jpg\" sizes=\"auto, (max-width: 1800px) 100vw, 1800px\" srcset=\"https:\/\/agnieszkakudela.pl\/wp-content\/uploads\/2018\/06\/AgnieszkaKudela.pl-Hotel-Grand-Lubicz-Ustka-55.jpg 1800w, https:\/\/agnieszkakudela.pl\/wp-content\/uploads\/2018\/06\/AgnieszkaKudela.pl-Hotel-Grand-Lubicz-Ustka-55-600x401.jpg 600w, https:\/\/agnieszkakudela.pl\/wp-content\/uploads\/2018\/06\/AgnieszkaKudela.pl-Hotel-Grand-Lubicz-Ustka-55-300x200.jpg 300w, https:\/\/agnieszkakudela.pl\/wp-content\/uploads\/2018\/06\/AgnieszkaKudela.pl-Hotel-Grand-Lubicz-Ustka-55-768x513.jpg 768w, https:\/\/agnieszkakudela.pl\/wp-content\/uploads\/2018\/06\/AgnieszkaKudela.pl-Hotel-Grand-Lubicz-Ustka-55-1024x684.jpg 1024w\" alt=\"cybex priam test trolley\" width=\"1800\" height=\"1202\" \/><\/p>\n<p>&nbsp;<\/p>\n<p class=\"gt-block\">In addition, the seat is of course equipped with\u00a0<strong>five-point seat belts<\/strong>.<\/p>\n<p>&nbsp;<\/p>\n<p>&nbsp;<\/p>\n<h3>bail<\/h3>\n<p>Both to the gondola and stroller. Covered with eco-leather, removable, detachable on one side, it can also be turned to one side after detaching, so it doesn&#8217;t fall down, which is very convenient!<\/p>\n<p class=\"gt-block\">You can of course with the headband\u00a0<strong>attach toys<\/strong>.<\/p>\n<p><img loading=\"lazy\" decoding=\"async\" class=\"aligncenter wp-image-34551 size-full\" src=\"https:\/\/agnieszkakudela.pl\/wp-content\/uploads\/2018\/06\/AgnieszkaKudela.pl-Hotel-Grand-Lubicz-Ustka-95.jpg\" sizes=\"auto, (max-width: 1800px) 100vw, 1800px\" srcset=\"https:\/\/agnieszkakudela.pl\/wp-content\/uploads\/2018\/06\/AgnieszkaKudela.pl-Hotel-Grand-Lubicz-Ustka-95.jpg 1800w, https:\/\/agnieszkakudela.pl\/wp-content\/uploads\/2018\/06\/AgnieszkaKudela.pl-Hotel-Grand-Lubicz-Ustka-95-600x401.jpg 600w, https:\/\/agnieszkakudela.pl\/wp-content\/uploads\/2018\/06\/AgnieszkaKudela.pl-Hotel-Grand-Lubicz-Ustka-95-300x200.jpg 300w, https:\/\/agnieszkakudela.pl\/wp-content\/uploads\/2018\/06\/AgnieszkaKudela.pl-Hotel-Grand-Lubicz-Ustka-95-768x513.jpg 768w, https:\/\/agnieszkakudela.pl\/wp-content\/uploads\/2018\/06\/AgnieszkaKudela.pl-Hotel-Grand-Lubicz-Ustka-95-1024x684.jpg 1024w\" alt=\"cybex priam reviews\" width=\"1800\" height=\"1202\" \/><\/p>\n<p>&nbsp;<\/p>\n<p>&nbsp;<\/p>\n<h3>Footrest<\/h3>\n<p class=\"gt-block\"><strong>It is adjustable in three positions<\/strong>\u00a0&#8211; it is very useful, because thanks to this, the stroller will last longer, and the footrest is always adjusted to the child&#8217;s age, providing adequate support for its development and age. Fabric &#8211; for some it may seem like a downside, but the material is waterproof, so just wipe it.<\/p>\n<p><img loading=\"lazy\" decoding=\"async\" class=\"aligncenter wp-image-34544 size-full\" src=\"https:\/\/agnieszkakudela.pl\/wp-content\/uploads\/2018\/06\/AgnieszkaKudela.pl-Hotel-Grand-Lubicz-Ustka-29.jpg\" sizes=\"auto, (max-width: 1800px) 100vw, 1800px\" srcset=\"https:\/\/agnieszkakudela.pl\/wp-content\/uploads\/2018\/06\/AgnieszkaKudela.pl-Hotel-Grand-Lubicz-Ustka-29.jpg 1800w, https:\/\/agnieszkakudela.pl\/wp-content\/uploads\/2018\/06\/AgnieszkaKudela.pl-Hotel-Grand-Lubicz-Ustka-29-600x401.jpg 600w, https:\/\/agnieszkakudela.pl\/wp-content\/uploads\/2018\/06\/AgnieszkaKudela.pl-Hotel-Grand-Lubicz-Ustka-29-300x200.jpg 300w, https:\/\/agnieszkakudela.pl\/wp-content\/uploads\/2018\/06\/AgnieszkaKudela.pl-Hotel-Grand-Lubicz-Ustka-29-768x513.jpg 768w, https:\/\/agnieszkakudela.pl\/wp-content\/uploads\/2018\/06\/AgnieszkaKudela.pl-Hotel-Grand-Lubicz-Ustka-29-1024x684.jpg 1024w\" alt=\"2 stroller in 1 cybex priam\" width=\"1800\" height=\"1202\" \/><\/p>\n<p>&nbsp;<\/p>\n<p>&nbsp;<\/p>\n<h3>Color<\/h3>\n<p class=\"gt-block\">Cybex Priam can be purchased in various variants &#8211; we had the z\u00a0<strong>limited collection<\/strong>\u00a0with a pattern\u00a0<strong>Birds of Paradise<\/strong>\u00a0&#8211; with a monstera motif and beautiful birds attached with magnets, which created a three-dimensional effect. Standard\u00a0<strong>colors are beautifully subdued<\/strong>, which I like the most:<\/p>\n<p>&nbsp;<\/p>\n<p><img loading=\"lazy\" decoding=\"async\" class=\"aligncenter wp-image-34605 size-full\" src=\"https:\/\/agnieszkakudela.pl\/wp-content\/uploads\/2018\/06\/Priam-wersje-kolorystyczne.jpg\" sizes=\"auto, (max-width: 1849px) 100vw, 1849px\" srcset=\"https:\/\/agnieszkakudela.pl\/wp-content\/uploads\/2018\/06\/Priam-wersje-kolorystyczne.jpg 1849w, https:\/\/agnieszkakudela.pl\/wp-content\/uploads\/2018\/06\/Priam-wersje-kolorystyczne-600x302.jpg 600w, https:\/\/agnieszkakudela.pl\/wp-content\/uploads\/2018\/06\/Priam-wersje-kolorystyczne-300x151.jpg 300w, https:\/\/agnieszkakudela.pl\/wp-content\/uploads\/2018\/06\/Priam-wersje-kolorystyczne-768x386.jpg 768w, https:\/\/agnieszkakudela.pl\/wp-content\/uploads\/2018\/06\/Priam-wersje-kolorystyczne-1024x515.jpg 1024w\" alt=\"cybex priam colors\" width=\"1849\" height=\"930\" \/><\/p>\n<p>&nbsp;<\/p>\n<p>&nbsp;<\/p>\n<h3>Folding and size after folding<\/h3>\n<p class=\"gt-block\">The frame can be easily\u00a0<strong>fold with one hand<\/strong>\u00a0to position\u00a0<strong>freestanding<\/strong>\u00a0&#8211; it is a very convenient form, thanks to which the stroller does not get dirty, we can always put it next to the car or on the bus and easily unfold it.\u00a0<strong>We only make two moves to make<\/strong>! Press both buttons on the top of the handle and first slide the handle completely into the frame (until it clicks), then press your foot lightly on the rear axle and the bottom part of the frame consists. Ready!<\/p>\n<p>&nbsp;<\/p>\n<p class=\"gt-block\"><strong>Truck<\/strong>\u00a0in the walking version\u00a0<strong>we can fold together with the seat<\/strong>\u00a0&#8211; I love this solution! Before folding, you only need to tilt the seat to the maximum and fold the frame in the same way as always. Such a folded stroller also stands alone, the seat does not touch the ground, a fairy tale!<\/p>\n<p>&nbsp;<\/p>\n<p class=\"gt-block\">Jest\u00a0<strong>after folding, however, the cart is quite large<\/strong>\u00a0&#8211; fortunately, the wheels can be removed to make the frame compact. It is definitely worth trying it on before buying it in your trunk, or at least measuring:\u00a0<strong>The dimensions of the frame after folding: 97,5 x 57,5 x 45,5 cm<\/strong><\/p>\n<p>&nbsp;<\/p>\n<p>&nbsp;<\/p>\n<h3>Weight<\/h3>\n<p class=\"gt-block\">The weight of the stroller with the Trekking version with Lux seat is\u00a0<strong>12,8 kg.<\/strong>.<\/p>\n<p class=\"gt-block\">The weight of the stroller with a frame in the Trekking version with gondola is\u00a0<strong>12,7 kg.<\/strong>.<\/p>\n<p>However, it seems to me that due to the length of the frame after folding, it seems to be heavier when put in the trunk.<\/p>\n<p>&nbsp;<\/p>\n<p>&nbsp;<\/p>\n<h3>Accessories<\/h3>\n<p class=\"gt-block\"><strong>Adapatery<\/strong>\u00a0&#8211; I was sure that having a Cybex car seat, I would be able to mount it on the frame without the use of adapters. When packing for the trip during which I tested this stroller, I did not take the adapters and it was a mistake &#8211; I was surprised to find that the seat without adapters just does not fit! So adapters are necessary.<\/p>\n<p>&nbsp;<\/p>\n<p class=\"gt-block\">Among the interesting accessories available for the pram are\u00a0<strong>skids<\/strong>\u00a0(skis) instead of the front wheels for winter use,\u00a0<strong>extra bed for an older child<\/strong>, which I would definitely be tempted by, cup holder and typical, such as mosquito net, raincoat, sleeping bag, umbrella or bag.<\/p>\n<p><img loading=\"lazy\" decoding=\"async\" class=\"aligncenter wp-image-34609 size-full\" src=\"https:\/\/agnieszkakudela.pl\/wp-content\/uploads\/2018\/08\/Cybex_Priam_Akcesoria-1.jpg\" sizes=\"auto, (max-width: 1600px) 100vw, 1600px\" srcset=\"https:\/\/agnieszkakudela.pl\/wp-content\/uploads\/2018\/08\/Cybex_Priam_Akcesoria-1.jpg 1600w, https:\/\/agnieszkakudela.pl\/wp-content\/uploads\/2018\/08\/Cybex_Priam_Akcesoria-1-600x300.jpg 600w, https:\/\/agnieszkakudela.pl\/wp-content\/uploads\/2018\/08\/Cybex_Priam_Akcesoria-1-300x150.jpg 300w, https:\/\/agnieszkakudela.pl\/wp-content\/uploads\/2018\/08\/Cybex_Priam_Akcesoria-1-768x384.jpg 768w, https:\/\/agnieszkakudela.pl\/wp-content\/uploads\/2018\/08\/Cybex_Priam_Akcesoria-1-1024x512.jpg 1024w, https:\/\/agnieszkakudela.pl\/wp-content\/uploads\/2018\/08\/Cybex_Priam_Akcesoria-1-1000x500.jpg 1000w\" alt=\"cybex priam accessories\" width=\"1600\" height=\"800\" \/><\/p>\n<p>&nbsp;<\/p>\n<p>&nbsp;<\/p>\n<h3>Price<\/h3>\n<p class=\"gt-block\">Cybex Priam is\u00a0<strong>premium pram.\u00a0<\/strong>\u00a0The prices for the 2w1 stroller with LUX seat are\u00a0<a href=\"https:\/\/muppetshop.eu\/product-pol-12155-Wozek-wielofunkcyjny-Cybex-Priam-na-srebrnym-stelazu-z-siedziskiem-LUX-Mystic-Pink.html\">about 5 347 with<\/a>\u0142.<\/p>\n<p>&nbsp;<\/p>\n<p>The prices of car seats, carrycots, baby carriers and car seats vary depending on the model you choose.<\/p>\n<p>&nbsp;<\/p>\n<h3>Summation<\/h3>\n<table width=\"390\">\n<tbody>\n<tr>\n<td width=\"279\">Light frame weight<\/td>\n<td width=\"111\">7,6 kg.<\/td>\n<\/tr>\n<tr>\n<td>Trekking rack weight<\/td>\n<td>7,9 kg.<\/td>\n<\/tr>\n<tr>\n<td>Weight of All Terrain rack<\/td>\n<td>8,3 kg.<\/td>\n<\/tr>\n<tr>\n<td>Weight of the gondola<\/td>\n<td>4,8 kg.<\/td>\n<\/tr>\n<tr>\n<td>LUX seat weight<\/td>\n<td>4,9 kg.<\/td>\n<\/tr>\n<tr>\n<td>Dimensions of the folded frame with wheels:<\/td>\n<td>95 x 57 x 30 cm<\/td>\n<\/tr>\n<tr>\n<td>Dimensions of the folded stroller with LUX seat:<\/td>\n<td>95 x 57,5 x 42 cm<\/td>\n<\/tr>\n<tr>\n<td>The length of the gondola<\/td>\n<td>90 cm<\/td>\n<\/tr>\n<tr>\n<td>Shopping basket<\/td>\n<td>5 kg.<\/td>\n<\/tr>\n<\/tbody>\n<\/table>\n<p class=\"gt-block\"><strong><br \/>\nTo sum up, the Cybex Priam stroller gained my very warm feeling\u00a0<\/strong>especially thanks to:<\/p>\n<p>&nbsp;<\/p>\n<ul>\n<li>a huge gondola, 90 long<\/li>\n<li>a fantastically built-up gondola &#8211; a booth overlapping it &#8211; no rain cover or sun or wind protection will be needed here<\/li>\n<li>wonderful handling and cushioning, ideal for both the urban jungle and country roads<\/li>\n<li>a flat-folded stroller with a huge booth<\/li>\n<li>easy folding with one hand &#8211; also with a walking seat<\/li>\n<li>adjustable footrest in the stroller<\/li>\n<li>beautiful subdued upholstery colors<\/li>\n<\/ul>\n<p class=\"gt-block\">with a lot of pluses, two<strong>\u00a0minuses<\/strong>:<\/p>\n<ul>\n<li>weight 12,8 kg for the version with Trekking frame + Lux type walking seat<\/li>\n<li>little built-in stroller<\/li>\n<\/ul>\n<p>they just hide! It is not just the price that you want to hide, but the stroller is definitely worth it and will not only serve one child, it is a pram for generations that you can easily sell, recovering a lot of money.<\/p>\n<p>&nbsp;<\/p>\n<div class=\"qodef-post-content\">\n<div class=\"qodef-post-text\">\n<div class=\"qodef-post-text-inner clearfix\">\n<p class=\"gt-block\"><strong>Do you want to be up to date with us?<\/strong>\u00a0Daily dose of positive fluids guaranteed &#8211;<strong>\u00a0join me on\u00a0<\/strong><strong><a href=\"https:\/\/www.instagram.com\/agnieszka.kudela\/\">Instagram<\/a>\u00a0i\u00a0<a href=\"https:\/\/www.facebook.com\/AgnieszkaKudelaPL\/\">Facebook<\/a>.<\/strong><\/p>\n<\/div>\n<\/div>\n<\/div>\n<\/div>\n<\/div>\n<\/div>\n<\/article>\n","protected":false},"excerpt":{"rendered":"<p>Cybex Priam is said to be a perfect children&#8217;s stroller, a stroller in which the stars transport their children. To form our own opinion, we decided to test &#8211; for ourselves and for you &#8211; whether it is really as good as they say about&#8230;<\/p>\n","protected":false},"author":5,"featured_media":58905,"comment_status":"open","ping_status":"closed","sticky":false,"template":"","format":"standard","meta":{"footnotes":""},"categories":[788,797],"tags":[986],"class_list":["post-61965","post","type-post","status-publish","format-standard","has-post-thumbnail","hentry","category-parentingowy","category-truck-tests","tag-trolley-tests"],"yoast_head":"<!-- This site is optimized with the Yoast SEO plugin v26.5 - https:\/\/yoast.com\/wordpress\/plugins\/seo\/ -->\n<title>Cybex Priam - BLOG<\/title>\n<meta name=\"description\" content=\"Czytaj wi\u0119cej na blogu Agnieszki w temacie Cybex Priam Zapraszam! :)\" \/>\n<meta name=\"robots\" content=\"index, follow, max-snippet:-1, max-image-preview:large, max-video-preview:-1\" \/>\n<meta property=\"og:locale\" content=\"en_US\" \/>\n<meta property=\"og:type\" content=\"article\" \/>\n<meta property=\"og:title\" content=\"Cybex Priam - BLOG\" \/>\n<meta property=\"og:description\" content=\"Czytaj wi\u0119cej na blogu Agnieszki w temacie Cybex Priam Zapraszam! :)\" \/>\n<meta property=\"og:url\" content=\"https:\/\/agnieszkakudela.pl\/en\/cybex-priam\/\" \/>\n<meta property=\"og:site_name\" content=\"AgnieszkaKudela.pl\" \/>\n<meta property=\"article:published_time\" content=\"2018-03-03T14:05:17+00:00\" \/>\n<meta property=\"article:modified_time\" content=\"2023-11-30T14:44:52+00:00\" \/>\n<meta property=\"og:image\" content=\"https:\/\/agnieszkakudela.pl\/wp-content\/uploads\/2018\/06\/Priam_Cybex_AgnieszkaKudela_pl-5-2.jpg\" \/>\n\t<meta property=\"og:image:width\" content=\"1600\" \/>\n\t<meta property=\"og:image:height\" content=\"1068\" \/>\n\t<meta property=\"og:image:type\" content=\"image\/jpeg\" \/>\n<meta name=\"author\" content=\"Agnieszka Kudela\" \/>\n<meta name=\"twitter:card\" content=\"summary_large_image\" \/>\n<meta name=\"twitter:label1\" content=\"Written by\" \/>\n\t<meta name=\"twitter:data1\" content=\"Agnieszka Kudela\" \/>\n\t<meta name=\"twitter:label2\" content=\"Est. reading time\" \/>\n\t<meta name=\"twitter:data2\" content=\"9 minutes\" \/>\n<script type=\"application\/ld+json\" class=\"yoast-schema-graph\">{\"@context\":\"https:\/\/schema.org\",\"@graph\":[{\"@type\":\"WebPage\",\"@id\":\"https:\/\/agnieszkakudela.pl\/en\/cybex-priam\/\",\"url\":\"https:\/\/agnieszkakudela.pl\/en\/cybex-priam\/\",\"name\":\"Cybex Priam - BLOG\",\"isPartOf\":{\"@id\":\"https:\/\/agnieszkakudela.pl\/en\/#website\"},\"primaryImageOfPage\":{\"@id\":\"https:\/\/agnieszkakudela.pl\/en\/cybex-priam\/#primaryimage\"},\"image\":{\"@id\":\"https:\/\/agnieszkakudela.pl\/en\/cybex-priam\/#primaryimage\"},\"thumbnailUrl\":\"https:\/\/agnieszkakudela.pl\/wp-content\/uploads\/2018\/06\/Priam_Cybex_AgnieszkaKudela_pl-5-2.jpg\",\"datePublished\":\"2018-03-03T14:05:17+00:00\",\"dateModified\":\"2023-11-30T14:44:52+00:00\",\"author\":{\"@id\":\"https:\/\/agnieszkakudela.pl\/en\/#\/schema\/person\/e538a184b6cbde658181d9c571e51014\"},\"description\":\"Czytaj wi\u0119cej na blogu Agnieszki w temacie Cybex Priam Zapraszam! :)\",\"breadcrumb\":{\"@id\":\"https:\/\/agnieszkakudela.pl\/en\/cybex-priam\/#breadcrumb\"},\"inLanguage\":\"en-US\",\"potentialAction\":[{\"@type\":\"ReadAction\",\"target\":[\"https:\/\/agnieszkakudela.pl\/en\/cybex-priam\/\"]}]},{\"@type\":\"ImageObject\",\"inLanguage\":\"en-US\",\"@id\":\"https:\/\/agnieszkakudela.pl\/en\/cybex-priam\/#primaryimage\",\"url\":\"https:\/\/agnieszkakudela.pl\/wp-content\/uploads\/2018\/06\/Priam_Cybex_AgnieszkaKudela_pl-5-2.jpg\",\"contentUrl\":\"https:\/\/agnieszkakudela.pl\/wp-content\/uploads\/2018\/06\/Priam_Cybex_AgnieszkaKudela_pl-5-2.jpg\",\"width\":1600,\"height\":1068},{\"@type\":\"BreadcrumbList\",\"@id\":\"https:\/\/agnieszkakudela.pl\/en\/cybex-priam\/#breadcrumb\",\"itemListElement\":[{\"@type\":\"ListItem\",\"position\":1,\"name\":\"Strona g\u0142\u00f3wna\",\"item\":\"https:\/\/agnieszkakudela.pl\/en\/\"},{\"@type\":\"ListItem\",\"position\":2,\"name\":\"Cybex Priam\"}]},{\"@type\":\"WebSite\",\"@id\":\"https:\/\/agnieszkakudela.pl\/en\/#website\",\"url\":\"https:\/\/agnieszkakudela.pl\/en\/\",\"name\":\"AgnieszkaKudela.pl\",\"description\":\"Blog parentingowy i modowy, prowadzony przez Wedding Plannerk\u0119, Mam\u0119 2,5 letniego Miko\u0142aja, oczekuj\u0105c\u0105 kolejnego Maluszka.\",\"potentialAction\":[{\"@type\":\"SearchAction\",\"target\":{\"@type\":\"EntryPoint\",\"urlTemplate\":\"https:\/\/agnieszkakudela.pl\/en\/?s={search_term_string}\"},\"query-input\":{\"@type\":\"PropertyValueSpecification\",\"valueRequired\":true,\"valueName\":\"search_term_string\"}}],\"inLanguage\":\"en-US\"},{\"@type\":\"Person\",\"@id\":\"https:\/\/agnieszkakudela.pl\/en\/#\/schema\/person\/e538a184b6cbde658181d9c571e51014\",\"name\":\"Agnieszka Kudela\",\"image\":{\"@type\":\"ImageObject\",\"inLanguage\":\"en-US\",\"@id\":\"https:\/\/agnieszkakudela.pl\/en\/#\/schema\/person\/image\/\",\"url\":\"https:\/\/secure.gravatar.com\/avatar\/da1240766bd16abd7f65896e4eaa3d817a8133260c351e451df7ab9eb9c60e5d?s=96&d=identicon&r=g\",\"contentUrl\":\"https:\/\/secure.gravatar.com\/avatar\/da1240766bd16abd7f65896e4eaa3d817a8133260c351e451df7ab9eb9c60e5d?s=96&d=identicon&r=g\",\"caption\":\"Agnieszka Kudela\"},\"url\":\"https:\/\/agnieszkakudela.pl\/en\/author\/milena\/\"}]}<\/script>\n<!-- \/ Yoast SEO plugin. -->","yoast_head_json":{"title":"Cybex Priam - BLOG","description":"Czytaj wi\u0119cej na blogu Agnieszki w temacie Cybex Priam Zapraszam! :)","robots":{"index":"index","follow":"follow","max-snippet":"max-snippet:-1","max-image-preview":"max-image-preview:large","max-video-preview":"max-video-preview:-1"},"og_locale":"en_US","og_type":"article","og_title":"Cybex Priam - BLOG","og_description":"Czytaj wi\u0119cej na blogu Agnieszki w temacie Cybex Priam Zapraszam! :)","og_url":"https:\/\/agnieszkakudela.pl\/en\/cybex-priam\/","og_site_name":"AgnieszkaKudela.pl","article_published_time":"2018-03-03T14:05:17+00:00","article_modified_time":"2023-11-30T14:44:52+00:00","og_image":[{"width":1600,"height":1068,"url":"https:\/\/agnieszkakudela.pl\/wp-content\/uploads\/2018\/06\/Priam_Cybex_AgnieszkaKudela_pl-5-2.jpg","type":"image\/jpeg"}],"author":"Agnieszka Kudela","twitter_card":"summary_large_image","twitter_misc":{"Written by":"Agnieszka Kudela","Est. reading time":"9 minutes"},"schema":{"@context":"https:\/\/schema.org","@graph":[{"@type":"WebPage","@id":"https:\/\/agnieszkakudela.pl\/en\/cybex-priam\/","url":"https:\/\/agnieszkakudela.pl\/en\/cybex-priam\/","name":"Cybex Priam - BLOG","isPartOf":{"@id":"https:\/\/agnieszkakudela.pl\/en\/#website"},"primaryImageOfPage":{"@id":"https:\/\/agnieszkakudela.pl\/en\/cybex-priam\/#primaryimage"},"image":{"@id":"https:\/\/agnieszkakudela.pl\/en\/cybex-priam\/#primaryimage"},"thumbnailUrl":"https:\/\/agnieszkakudela.pl\/wp-content\/uploads\/2018\/06\/Priam_Cybex_AgnieszkaKudela_pl-5-2.jpg","datePublished":"2018-03-03T14:05:17+00:00","dateModified":"2023-11-30T14:44:52+00:00","author":{"@id":"https:\/\/agnieszkakudela.pl\/en\/#\/schema\/person\/e538a184b6cbde658181d9c571e51014"},"description":"Czytaj wi\u0119cej na blogu Agnieszki w temacie Cybex Priam Zapraszam! :)","breadcrumb":{"@id":"https:\/\/agnieszkakudela.pl\/en\/cybex-priam\/#breadcrumb"},"inLanguage":"en-US","potentialAction":[{"@type":"ReadAction","target":["https:\/\/agnieszkakudela.pl\/en\/cybex-priam\/"]}]},{"@type":"ImageObject","inLanguage":"en-US","@id":"https:\/\/agnieszkakudela.pl\/en\/cybex-priam\/#primaryimage","url":"https:\/\/agnieszkakudela.pl\/wp-content\/uploads\/2018\/06\/Priam_Cybex_AgnieszkaKudela_pl-5-2.jpg","contentUrl":"https:\/\/agnieszkakudela.pl\/wp-content\/uploads\/2018\/06\/Priam_Cybex_AgnieszkaKudela_pl-5-2.jpg","width":1600,"height":1068},{"@type":"BreadcrumbList","@id":"https:\/\/agnieszkakudela.pl\/en\/cybex-priam\/#breadcrumb","itemListElement":[{"@type":"ListItem","position":1,"name":"Strona g\u0142\u00f3wna","item":"https:\/\/agnieszkakudela.pl\/en\/"},{"@type":"ListItem","position":2,"name":"Cybex Priam"}]},{"@type":"WebSite","@id":"https:\/\/agnieszkakudela.pl\/en\/#website","url":"https:\/\/agnieszkakudela.pl\/en\/","name":"AgnieszkaKudela.pl","description":"Blog parentingowy i modowy, prowadzony przez Wedding Plannerk\u0119, Mam\u0119 2,5 letniego Miko\u0142aja, oczekuj\u0105c\u0105 kolejnego Maluszka.","potentialAction":[{"@type":"SearchAction","target":{"@type":"EntryPoint","urlTemplate":"https:\/\/agnieszkakudela.pl\/en\/?s={search_term_string}"},"query-input":{"@type":"PropertyValueSpecification","valueRequired":true,"valueName":"search_term_string"}}],"inLanguage":"en-US"},{"@type":"Person","@id":"https:\/\/agnieszkakudela.pl\/en\/#\/schema\/person\/e538a184b6cbde658181d9c571e51014","name":"Agnieszka Kudela","image":{"@type":"ImageObject","inLanguage":"en-US","@id":"https:\/\/agnieszkakudela.pl\/en\/#\/schema\/person\/image\/","url":"https:\/\/secure.gravatar.com\/avatar\/da1240766bd16abd7f65896e4eaa3d817a8133260c351e451df7ab9eb9c60e5d?s=96&d=identicon&r=g","contentUrl":"https:\/\/secure.gravatar.com\/avatar\/da1240766bd16abd7f65896e4eaa3d817a8133260c351e451df7ab9eb9c60e5d?s=96&d=identicon&r=g","caption":"Agnieszka Kudela"},"url":"https:\/\/agnieszkakudela.pl\/en\/author\/milena\/"}]}},"_links":{"self":[{"href":"https:\/\/agnieszkakudela.pl\/en\/wp-json\/wp\/v2\/posts\/61965","targetHints":{"allow":["GET"]}}],"collection":[{"href":"https:\/\/agnieszkakudela.pl\/en\/wp-json\/wp\/v2\/posts"}],"about":[{"href":"https:\/\/agnieszkakudela.pl\/en\/wp-json\/wp\/v2\/types\/post"}],"author":[{"embeddable":true,"href":"https:\/\/agnieszkakudela.pl\/en\/wp-json\/wp\/v2\/users\/5"}],"replies":[{"embeddable":true,"href":"https:\/\/agnieszkakudela.pl\/en\/wp-json\/wp\/v2\/comments?post=61965"}],"version-history":[{"count":0,"href":"https:\/\/agnieszkakudela.pl\/en\/wp-json\/wp\/v2\/posts\/61965\/revisions"}],"wp:featuredmedia":[{"embeddable":true,"href":"https:\/\/agnieszkakudela.pl\/en\/wp-json\/wp\/v2\/media\/58905"}],"wp:attachment":[{"href":"https:\/\/agnieszkakudela.pl\/en\/wp-json\/wp\/v2\/media?parent=61965"}],"wp:term":[{"taxonomy":"category","embeddable":true,"href":"https:\/\/agnieszkakudela.pl\/en\/wp-json\/wp\/v2\/categories?post=61965"},{"taxonomy":"post_tag","embeddable":true,"href":"https:\/\/agnieszkakudela.pl\/en\/wp-json\/wp\/v2\/tags?post=61965"}],"curies":[{"name":"wp","href":"https:\/\/api.w.org\/{rel}","templated":true}]}}