{"id":62004,"date":"2019-05-23T20:57:00","date_gmt":"2019-05-23T18:57:00","guid":{"rendered":"https:\/\/dev.agnieszkakudela.pl\/jezdzik-hulajnoga-scoot-and-ride\/"},"modified":"2023-11-30T16:44:26","modified_gmt":"2023-11-30T15:44:26","slug":"jezdzik-hulajnoga-scoot-and-ride","status":"publish","type":"post","link":"https:\/\/agnieszkakudela.pl\/en\/jezdzik-hulajnoga-scoot-and-ride\/","title":{"rendered":"Ride-ons or scooters? Or maybe 2 in 1?"},"content":{"rendered":"<p>The changes have come. The younger Maksio turns 2 soon and a stroller walk is only possible when the stroller is driving next to it and serves as a lifeguard for tired legs, although they can literally walk kilometers. Miko\u0142aj, as befits a boy, loves scooters to such an extent that &#8230;<\/p>\n<p><!--more--><\/p>\n<p>&#8230; the previous one he bought in Decathlon was simply loaded! The other one also had such a disadvantage that if he put the foot too close to the handle, it &#8230; would fall forward. We had to paint a line on the step that he couldn&#8217;t cross with his foot, but let&#8217;s agree &#8211; this is not a perfect solution.<\/p>\n<p>&nbsp;<\/p>\n<p class=\"gt-block\">The second thing is that a walk with two boys and one scooter means a real game of thrones. We decided to end the war and make them\u00a0<strong>2 identical racers<\/strong>. But you are about to ask &#8211;\u00a0<strong>Is Maksio too small for a scooter?<\/strong>? The choice fell on\u00a0<strong>&#8220;Something&#8221; that &#8220;grows with the child<\/strong>&#8220;, That is, first it is a 3-wheeled scooter with a seat, which can then be&#8221; transformed &#8220;into a three-wheeled scooter. This clever &#8220;something&#8221; is\u00a0<a href=\"https:\/\/scootandride.pl\/pol_m_Highwaykick1-834.html\" target=\"_blank\" rel=\"noopener\"><strong>SCOOTANDRIDE Highwaykick 1, or the mysterious ride and scooter 2 in 1<\/strong><\/a>.<\/p>\n<p>&nbsp;<\/p>\n<p><img loading=\"lazy\" decoding=\"async\" class=\"aligncenter size-full wp-image-41852\" src=\"https:\/\/agnieszkakudela.pl\/wp-content\/uploads\/2019\/05\/hulajnoga-2w1.jpg\" sizes=\"auto, (max-width: 1800px) 100vw, 1800px\" srcset=\"https:\/\/agnieszkakudela.pl\/wp-content\/uploads\/2019\/05\/hulajnoga-2w1.jpg 1800w, https:\/\/agnieszkakudela.pl\/wp-content\/uploads\/2019\/05\/hulajnoga-2w1-600x401.jpg 600w, https:\/\/agnieszkakudela.pl\/wp-content\/uploads\/2019\/05\/hulajnoga-2w1-300x200.jpg 300w, https:\/\/agnieszkakudela.pl\/wp-content\/uploads\/2019\/05\/hulajnoga-2w1-768x513.jpg 768w, https:\/\/agnieszkakudela.pl\/wp-content\/uploads\/2019\/05\/hulajnoga-2w1-1024x684.jpg 1024w\" alt=\"2w1 scooter\" width=\"1800\" height=\"1202\" \/><img loading=\"lazy\" decoding=\"async\" class=\"aligncenter size-full wp-image-41853\" src=\"https:\/\/agnieszkakudela.pl\/wp-content\/uploads\/2019\/05\/Jezdzik-i-hulajnoga-2w1-Scootandride.jpg\" sizes=\"auto, (max-width: 1800px) 100vw, 1800px\" srcset=\"https:\/\/agnieszkakudela.pl\/wp-content\/uploads\/2019\/05\/Jezdzik-i-hulajnoga-2w1-Scootandride.jpg 1800w, https:\/\/agnieszkakudela.pl\/wp-content\/uploads\/2019\/05\/Jezdzik-i-hulajnoga-2w1-Scootandride-600x401.jpg 600w, https:\/\/agnieszkakudela.pl\/wp-content\/uploads\/2019\/05\/Jezdzik-i-hulajnoga-2w1-Scootandride-300x200.jpg 300w, https:\/\/agnieszkakudela.pl\/wp-content\/uploads\/2019\/05\/Jezdzik-i-hulajnoga-2w1-Scootandride-768x513.jpg 768w, https:\/\/agnieszkakudela.pl\/wp-content\/uploads\/2019\/05\/Jezdzik-i-hulajnoga-2w1-Scootandride-1024x684.jpg 1024w\" alt=\"2w1 Scootandride scooter and scooter\" width=\"1800\" height=\"1202\" \/><img loading=\"lazy\" decoding=\"async\" class=\"aligncenter size-full wp-image-41854\" src=\"https:\/\/agnieszkakudela.pl\/wp-content\/uploads\/2019\/05\/jezdzik.jpg\" sizes=\"auto, (max-width: 1800px) 100vw, 1800px\" srcset=\"https:\/\/agnieszkakudela.pl\/wp-content\/uploads\/2019\/05\/jezdzik.jpg 1800w, https:\/\/agnieszkakudela.pl\/wp-content\/uploads\/2019\/05\/jezdzik-600x401.jpg 600w, https:\/\/agnieszkakudela.pl\/wp-content\/uploads\/2019\/05\/jezdzik-300x200.jpg 300w, https:\/\/agnieszkakudela.pl\/wp-content\/uploads\/2019\/05\/jezdzik-768x513.jpg 768w, https:\/\/agnieszkakudela.pl\/wp-content\/uploads\/2019\/05\/jezdzik-1024x684.jpg 1024w\" alt=\"\" width=\"1800\" height=\"1202\" \/><img loading=\"lazy\" decoding=\"async\" class=\"aligncenter size-full wp-image-41855\" src=\"https:\/\/agnieszkakudela.pl\/wp-content\/uploads\/2019\/05\/jezdzik-scoot-and-ride.jpg\" sizes=\"auto, (max-width: 1800px) 100vw, 1800px\" srcset=\"https:\/\/agnieszkakudela.pl\/wp-content\/uploads\/2019\/05\/jezdzik-scoot-and-ride.jpg 1800w, https:\/\/agnieszkakudela.pl\/wp-content\/uploads\/2019\/05\/jezdzik-scoot-and-ride-600x401.jpg 600w, https:\/\/agnieszkakudela.pl\/wp-content\/uploads\/2019\/05\/jezdzik-scoot-and-ride-300x200.jpg 300w, https:\/\/agnieszkakudela.pl\/wp-content\/uploads\/2019\/05\/jezdzik-scoot-and-ride-768x513.jpg 768w, https:\/\/agnieszkakudela.pl\/wp-content\/uploads\/2019\/05\/jezdzik-scoot-and-ride-1024x684.jpg 1024w\" alt=\"\" width=\"1800\" height=\"1202\" \/><\/p>\n<p>&nbsp;<\/p>\n<p>And so our family on the walk now has 6 wheels and 8 legs. The ride-on scooter can become a scooter, and the scooter can become a scooter in just a few seconds and without any tools.<\/p>\n<p>&nbsp;<\/p>\n<p>A four-year-old easily turns a ride on a scooter completely alone:<\/p>\n<p><img loading=\"lazy\" decoding=\"async\" class=\"aligncenter size-full wp-image-41856\" src=\"https:\/\/agnieszkakudela.pl\/wp-content\/uploads\/2019\/05\/hulajnoga-dla-dzieci.jpg\" alt=\"\" width=\"1800\" height=\"2696\" \/><img loading=\"lazy\" decoding=\"async\" class=\"aligncenter size-full wp-image-41857\" src=\"https:\/\/agnieszkakudela.pl\/wp-content\/uploads\/2019\/05\/hulajnoga-z-siedziskiem.jpg\" sizes=\"auto, (max-width: 1800px) 100vw, 1800px\" srcset=\"https:\/\/agnieszkakudela.pl\/wp-content\/uploads\/2019\/05\/hulajnoga-z-siedziskiem.jpg 1800w, https:\/\/agnieszkakudela.pl\/wp-content\/uploads\/2019\/05\/hulajnoga-z-siedziskiem-600x401.jpg 600w, https:\/\/agnieszkakudela.pl\/wp-content\/uploads\/2019\/05\/hulajnoga-z-siedziskiem-300x200.jpg 300w, https:\/\/agnieszkakudela.pl\/wp-content\/uploads\/2019\/05\/hulajnoga-z-siedziskiem-768x513.jpg 768w, https:\/\/agnieszkakudela.pl\/wp-content\/uploads\/2019\/05\/hulajnoga-z-siedziskiem-1024x684.jpg 1024w\" alt=\"\" width=\"1800\" height=\"1202\" \/><img loading=\"lazy\" decoding=\"async\" class=\"aligncenter size-full wp-image-41858\" src=\"https:\/\/agnieszkakudela.pl\/wp-content\/uploads\/2019\/05\/hulajnoga-jezdzik-2w1.jpg\" sizes=\"auto, (max-width: 1800px) 100vw, 1800px\" srcset=\"https:\/\/agnieszkakudela.pl\/wp-content\/uploads\/2019\/05\/hulajnoga-jezdzik-2w1.jpg 1800w, https:\/\/agnieszkakudela.pl\/wp-content\/uploads\/2019\/05\/hulajnoga-jezdzik-2w1-600x401.jpg 600w, https:\/\/agnieszkakudela.pl\/wp-content\/uploads\/2019\/05\/hulajnoga-jezdzik-2w1-300x200.jpg 300w, https:\/\/agnieszkakudela.pl\/wp-content\/uploads\/2019\/05\/hulajnoga-jezdzik-2w1-768x513.jpg 768w, https:\/\/agnieszkakudela.pl\/wp-content\/uploads\/2019\/05\/hulajnoga-jezdzik-2w1-1024x684.jpg 1024w\" alt=\"\" width=\"1800\" height=\"1202\" \/><img loading=\"lazy\" decoding=\"async\" class=\"aligncenter size-full wp-image-41859\" src=\"https:\/\/agnieszkakudela.pl\/wp-content\/uploads\/2019\/05\/hulajnoga-dla-4-latka.jpg\" sizes=\"auto, (max-width: 1800px) 100vw, 1800px\" srcset=\"https:\/\/agnieszkakudela.pl\/wp-content\/uploads\/2019\/05\/hulajnoga-dla-4-latka.jpg 1800w, https:\/\/agnieszkakudela.pl\/wp-content\/uploads\/2019\/05\/hulajnoga-dla-4-latka-600x401.jpg 600w, https:\/\/agnieszkakudela.pl\/wp-content\/uploads\/2019\/05\/hulajnoga-dla-4-latka-300x200.jpg 300w, https:\/\/agnieszkakudela.pl\/wp-content\/uploads\/2019\/05\/hulajnoga-dla-4-latka-768x513.jpg 768w, https:\/\/agnieszkakudela.pl\/wp-content\/uploads\/2019\/05\/hulajnoga-dla-4-latka-1024x684.jpg 1024w\" alt=\"\" width=\"1800\" height=\"1202\" \/><\/p>\n<p>&nbsp;<\/p>\n<p>Children&#8217;s creativity knows no bounds!<\/p>\n<p>&nbsp;<\/p>\n<p><img loading=\"lazy\" decoding=\"async\" class=\"aligncenter size-full wp-image-41860\" src=\"https:\/\/agnieszkakudela.pl\/wp-content\/uploads\/2019\/05\/hulajnoga-dla-3-latka.jpg\" sizes=\"auto, (max-width: 1800px) 100vw, 1800px\" srcset=\"https:\/\/agnieszkakudela.pl\/wp-content\/uploads\/2019\/05\/hulajnoga-dla-3-latka.jpg 1800w, https:\/\/agnieszkakudela.pl\/wp-content\/uploads\/2019\/05\/hulajnoga-dla-3-latka-600x401.jpg 600w, https:\/\/agnieszkakudela.pl\/wp-content\/uploads\/2019\/05\/hulajnoga-dla-3-latka-300x200.jpg 300w, https:\/\/agnieszkakudela.pl\/wp-content\/uploads\/2019\/05\/hulajnoga-dla-3-latka-768x513.jpg 768w, https:\/\/agnieszkakudela.pl\/wp-content\/uploads\/2019\/05\/hulajnoga-dla-3-latka-1024x684.jpg 1024w\" alt=\"\" width=\"1800\" height=\"1202\" \/><\/p>\n<p>&nbsp;<\/p>\n<p>And less than two years old when assembling elements to his ride, he will gladly use the help of his older brother.<\/p>\n<p>&nbsp;<\/p>\n<p><img loading=\"lazy\" decoding=\"async\" class=\"aligncenter size-full wp-image-41861\" src=\"https:\/\/agnieszkakudela.pl\/wp-content\/uploads\/2019\/05\/hulajnoga-3-kolowa.jpg\" sizes=\"auto, (max-width: 1800px) 100vw, 1800px\" srcset=\"https:\/\/agnieszkakudela.pl\/wp-content\/uploads\/2019\/05\/hulajnoga-3-kolowa.jpg 1800w, https:\/\/agnieszkakudela.pl\/wp-content\/uploads\/2019\/05\/hulajnoga-3-kolowa-600x401.jpg 600w, https:\/\/agnieszkakudela.pl\/wp-content\/uploads\/2019\/05\/hulajnoga-3-kolowa-300x200.jpg 300w, https:\/\/agnieszkakudela.pl\/wp-content\/uploads\/2019\/05\/hulajnoga-3-kolowa-768x513.jpg 768w, https:\/\/agnieszkakudela.pl\/wp-content\/uploads\/2019\/05\/hulajnoga-3-kolowa-1024x684.jpg 1024w\" alt=\"\" width=\"1800\" height=\"1202\" \/><img loading=\"lazy\" decoding=\"async\" class=\"aligncenter size-full wp-image-41862\" src=\"https:\/\/agnieszkakudela.pl\/wp-content\/uploads\/2019\/05\/hulajnoga-z-siedziskiem-1.jpg\" alt=\"\" width=\"1800\" height=\"2696\" \/><img loading=\"lazy\" decoding=\"async\" class=\"aligncenter size-full wp-image-41863\" src=\"https:\/\/agnieszkakudela.pl\/wp-content\/uploads\/2019\/05\/jezdzik-hulajnoga-2w1.jpg\" sizes=\"auto, (max-width: 1800px) 100vw, 1800px\" srcset=\"https:\/\/agnieszkakudela.pl\/wp-content\/uploads\/2019\/05\/jezdzik-hulajnoga-2w1.jpg 1800w, https:\/\/agnieszkakudela.pl\/wp-content\/uploads\/2019\/05\/jezdzik-hulajnoga-2w1-600x401.jpg 600w, https:\/\/agnieszkakudela.pl\/wp-content\/uploads\/2019\/05\/jezdzik-hulajnoga-2w1-300x200.jpg 300w, https:\/\/agnieszkakudela.pl\/wp-content\/uploads\/2019\/05\/jezdzik-hulajnoga-2w1-768x513.jpg 768w, https:\/\/agnieszkakudela.pl\/wp-content\/uploads\/2019\/05\/jezdzik-hulajnoga-2w1-1024x684.jpg 1024w\" alt=\"\" width=\"1800\" height=\"1202\" \/><img loading=\"lazy\" decoding=\"async\" class=\"aligncenter size-full wp-image-41864\" src=\"https:\/\/agnieszkakudela.pl\/wp-content\/uploads\/2019\/05\/scoot-and-ride-opinie.jpg\" sizes=\"auto, (max-width: 1800px) 100vw, 1800px\" srcset=\"https:\/\/agnieszkakudela.pl\/wp-content\/uploads\/2019\/05\/scoot-and-ride-opinie.jpg 1800w, https:\/\/agnieszkakudela.pl\/wp-content\/uploads\/2019\/05\/scoot-and-ride-opinie-600x401.jpg 600w, https:\/\/agnieszkakudela.pl\/wp-content\/uploads\/2019\/05\/scoot-and-ride-opinie-300x200.jpg 300w, https:\/\/agnieszkakudela.pl\/wp-content\/uploads\/2019\/05\/scoot-and-ride-opinie-768x513.jpg 768w, https:\/\/agnieszkakudela.pl\/wp-content\/uploads\/2019\/05\/scoot-and-ride-opinie-1024x684.jpg 1024w\" alt=\"\" width=\"1800\" height=\"1202\" \/><\/p>\n<p>&nbsp;<\/p>\n<p>And that was all he saw\u00a0<img decoding=\"async\" class=\"emoji\" role=\"img\" draggable=\"false\" src=\"https:\/\/s.w.org\/images\/core\/emoji\/14.0.0\/svg\/1f609.svg\" alt=\"\" \/><\/p>\n<p>&nbsp;<\/p>\n<p><img loading=\"lazy\" decoding=\"async\" class=\"aligncenter size-full wp-image-41865\" src=\"https:\/\/agnieszkakudela.pl\/wp-content\/uploads\/2019\/05\/scootandride.jpg\" sizes=\"auto, (max-width: 1800px) 100vw, 1800px\" srcset=\"https:\/\/agnieszkakudela.pl\/wp-content\/uploads\/2019\/05\/scootandride.jpg 1800w, https:\/\/agnieszkakudela.pl\/wp-content\/uploads\/2019\/05\/scootandride-600x401.jpg 600w, https:\/\/agnieszkakudela.pl\/wp-content\/uploads\/2019\/05\/scootandride-300x200.jpg 300w, https:\/\/agnieszkakudela.pl\/wp-content\/uploads\/2019\/05\/scootandride-768x513.jpg 768w, https:\/\/agnieszkakudela.pl\/wp-content\/uploads\/2019\/05\/scootandride-1024x684.jpg 1024w\" alt=\"\" width=\"1800\" height=\"1202\" \/><\/p>\n<p>&nbsp;<\/p>\n<p>The boys call their scooters transformers &#8211; and it&#8217;s hard to disagree with them\u00a0<img decoding=\"async\" class=\"emoji\" role=\"img\" draggable=\"false\" src=\"https:\/\/s.w.org\/images\/core\/emoji\/14.0.0\/svg\/1f642.svg\" alt=\"\" \/><\/p>\n<p>&nbsp;<\/p>\n<p><img loading=\"lazy\" decoding=\"async\" class=\"aligncenter size-full wp-image-41866\" src=\"https:\/\/agnieszkakudela.pl\/wp-content\/uploads\/2019\/05\/rowerek-i-hulajnoga-w-jednym.jpg\" sizes=\"auto, (max-width: 1800px) 100vw, 1800px\" srcset=\"https:\/\/agnieszkakudela.pl\/wp-content\/uploads\/2019\/05\/rowerek-i-hulajnoga-w-jednym.jpg 1800w, https:\/\/agnieszkakudela.pl\/wp-content\/uploads\/2019\/05\/rowerek-i-hulajnoga-w-jednym-600x401.jpg 600w, https:\/\/agnieszkakudela.pl\/wp-content\/uploads\/2019\/05\/rowerek-i-hulajnoga-w-jednym-300x200.jpg 300w, https:\/\/agnieszkakudela.pl\/wp-content\/uploads\/2019\/05\/rowerek-i-hulajnoga-w-jednym-768x513.jpg 768w, https:\/\/agnieszkakudela.pl\/wp-content\/uploads\/2019\/05\/rowerek-i-hulajnoga-w-jednym-1024x684.jpg 1024w\" alt=\"bike and scooter in one\" width=\"1800\" height=\"1202\" \/><img loading=\"lazy\" decoding=\"async\" class=\"aligncenter size-full wp-image-41867\" src=\"https:\/\/agnieszkakudela.pl\/wp-content\/uploads\/2019\/05\/hulajnoga-dla-2-latka.jpg\" sizes=\"auto, (max-width: 1800px) 100vw, 1800px\" srcset=\"https:\/\/agnieszkakudela.pl\/wp-content\/uploads\/2019\/05\/hulajnoga-dla-2-latka.jpg 1800w, https:\/\/agnieszkakudela.pl\/wp-content\/uploads\/2019\/05\/hulajnoga-dla-2-latka-600x401.jpg 600w, https:\/\/agnieszkakudela.pl\/wp-content\/uploads\/2019\/05\/hulajnoga-dla-2-latka-300x200.jpg 300w, https:\/\/agnieszkakudela.pl\/wp-content\/uploads\/2019\/05\/hulajnoga-dla-2-latka-768x513.jpg 768w, https:\/\/agnieszkakudela.pl\/wp-content\/uploads\/2019\/05\/hulajnoga-dla-2-latka-1024x684.jpg 1024w\" alt=\"scooter for 2 summer\" width=\"1800\" height=\"1202\" \/><\/p>\n<p>&nbsp;<\/p>\n<p>And my heart is bursting with pride when it has such a view!<\/p>\n<p>&nbsp;<\/p>\n<p><img loading=\"lazy\" decoding=\"async\" class=\"aligncenter size-full wp-image-41868\" src=\"https:\/\/agnieszkakudela.pl\/wp-content\/uploads\/2019\/05\/hulajnoga-dla-dzieci-scootandride.jpg\" sizes=\"auto, (max-width: 1800px) 100vw, 1800px\" srcset=\"https:\/\/agnieszkakudela.pl\/wp-content\/uploads\/2019\/05\/hulajnoga-dla-dzieci-scootandride.jpg 1800w, https:\/\/agnieszkakudela.pl\/wp-content\/uploads\/2019\/05\/hulajnoga-dla-dzieci-scootandride-600x401.jpg 600w, https:\/\/agnieszkakudela.pl\/wp-content\/uploads\/2019\/05\/hulajnoga-dla-dzieci-scootandride-300x200.jpg 300w, https:\/\/agnieszkakudela.pl\/wp-content\/uploads\/2019\/05\/hulajnoga-dla-dzieci-scootandride-768x513.jpg 768w, https:\/\/agnieszkakudela.pl\/wp-content\/uploads\/2019\/05\/hulajnoga-dla-dzieci-scootandride-1024x684.jpg 1024w\" alt=\"scoot and ride scooter for children\" width=\"1800\" height=\"1202\" \/><\/p>\n<p>&nbsp;<\/p>\n<p>Thus, we also solved the problem of colors. Usually, &#8220;the neighbor&#8217;s grass is greener&#8221;, so the guys can switch scooters and transform them quickly, adapting to their age.<\/p>\n<p class=\"gt-block\">You can see what scooters look like in other colors<a href=\"https:\/\/www.instagram.com\/scootandridepolska\/\">\u00a0here.<\/a><\/p>\n<p>&nbsp;<\/p>\n<p class=\"gt-block\"><strong>The height of the steering wheel \/ seat is also adjustable in 3 degrees<\/strong>\u00a0&#8211; we do not need to use any tools for this, which is a great advantage on a walk.<\/p>\n<p>&nbsp;<\/p>\n<p><img loading=\"lazy\" decoding=\"async\" class=\"aligncenter wp-image-41869 size-full\" title=\"scoot and ride scooter for children\" src=\"https:\/\/agnieszkakudela.pl\/wp-content\/uploads\/2019\/05\/Jezdzik-i-hulajnoga-2w1.jpg\" sizes=\"auto, (max-width: 1800px) 100vw, 1800px\" srcset=\"https:\/\/agnieszkakudela.pl\/wp-content\/uploads\/2019\/05\/Jezdzik-i-hulajnoga-2w1.jpg 1800w, https:\/\/agnieszkakudela.pl\/wp-content\/uploads\/2019\/05\/Jezdzik-i-hulajnoga-2w1-600x401.jpg 600w, https:\/\/agnieszkakudela.pl\/wp-content\/uploads\/2019\/05\/Jezdzik-i-hulajnoga-2w1-300x200.jpg 300w, https:\/\/agnieszkakudela.pl\/wp-content\/uploads\/2019\/05\/Jezdzik-i-hulajnoga-2w1-768x513.jpg 768w, https:\/\/agnieszkakudela.pl\/wp-content\/uploads\/2019\/05\/Jezdzik-i-hulajnoga-2w1-1024x684.jpg 1024w\" alt=\"scoot and ride scooter for children\" width=\"1800\" height=\"1202\" \/><\/p>\n<p>&nbsp;<\/p>\n<p class=\"gt-block\">An interesting option is retractable\u00a0<strong>&#8220;Nose&#8221;, the so-called safety-pad on the front of the scooter<\/strong>that minimizes the possibility of the baby tipping forward when it encounters an obstacle. Yes &#8230; we found out about it with the first scooter, which did not have such a thing &#8230; Of course, it limits the rider a bit in evolutions, so in such an experienced scooter as Santa, the nose is already hidden.<\/p>\n<p>&nbsp;<\/p>\n<p><img loading=\"lazy\" decoding=\"async\" class=\"aligncenter size-full wp-image-41870\" src=\"https:\/\/agnieszkakudela.pl\/wp-content\/uploads\/2019\/05\/Jezdzik-i-hulajnoga-2w1-Scootandride-.jpg\" sizes=\"auto, (max-width: 1800px) 100vw, 1800px\" srcset=\"https:\/\/agnieszkakudela.pl\/wp-content\/uploads\/2019\/05\/Jezdzik-i-hulajnoga-2w1-Scootandride-.jpg 1800w, https:\/\/agnieszkakudela.pl\/wp-content\/uploads\/2019\/05\/Jezdzik-i-hulajnoga-2w1-Scootandride--600x401.jpg 600w, https:\/\/agnieszkakudela.pl\/wp-content\/uploads\/2019\/05\/Jezdzik-i-hulajnoga-2w1-Scootandride--300x200.jpg 300w, https:\/\/agnieszkakudela.pl\/wp-content\/uploads\/2019\/05\/Jezdzik-i-hulajnoga-2w1-Scootandride--768x513.jpg 768w, https:\/\/agnieszkakudela.pl\/wp-content\/uploads\/2019\/05\/Jezdzik-i-hulajnoga-2w1-Scootandride--1024x684.jpg 1024w\" alt=\"2w1 Scoot and ride\" width=\"1800\" height=\"1202\" \/><\/p>\n<p>&nbsp;<\/p>\n<p>Where did the idea for such contact sheet (read shoes) come from? Miko\u0142aj grew up from wellies from last season, and he couldn&#8217;t miss his favorite fun!<\/p>\n<p>&nbsp;<\/p>\n<p><img loading=\"lazy\" decoding=\"async\" class=\"aligncenter size-full wp-image-41871\" src=\"https:\/\/agnieszkakudela.pl\/wp-content\/uploads\/2019\/05\/2w1-jezdzik-i-hulajnoga-2w1-Scootandride.jpg\" alt=\"2w1 scooter and Scootandride scooter\" width=\"1800\" height=\"2696\" \/><\/p>\n<p>&nbsp;<\/p>\n<p class=\"gt-block\">The scooter and the ride-on also have a different turning system than &#8220;regular scooters&#8221; &#8211; it means that\u00a0<strong>we do not turn the steering wheel, we only lean from side to side and then the wheels turn. It&#8217;s about body balance<\/strong>rather than shaking hands, which supports motor development and teaches you to keep balance. At first, Miko\u0142aj was a bit surprised, but when he caught how it works, he controls where he is going with great precision.<\/p>\n<p>&nbsp;<\/p>\n<p><img loading=\"lazy\" decoding=\"async\" class=\"aligncenter size-full wp-image-41874\" src=\"https:\/\/agnieszkakudela.pl\/wp-content\/uploads\/2019\/05\/Scootandride-jezdzik-i-hulajnoga-2w1-1-1.jpg\" sizes=\"auto, (max-width: 1800px) 100vw, 1800px\" srcset=\"https:\/\/agnieszkakudela.pl\/wp-content\/uploads\/2019\/05\/Scootandride-jezdzik-i-hulajnoga-2w1-1-1.jpg 1800w, https:\/\/agnieszkakudela.pl\/wp-content\/uploads\/2019\/05\/Scootandride-jezdzik-i-hulajnoga-2w1-1-1-600x401.jpg 600w, https:\/\/agnieszkakudela.pl\/wp-content\/uploads\/2019\/05\/Scootandride-jezdzik-i-hulajnoga-2w1-1-1-300x200.jpg 300w, https:\/\/agnieszkakudela.pl\/wp-content\/uploads\/2019\/05\/Scootandride-jezdzik-i-hulajnoga-2w1-1-1-768x513.jpg 768w, https:\/\/agnieszkakudela.pl\/wp-content\/uploads\/2019\/05\/Scootandride-jezdzik-i-hulajnoga-2w1-1-1-1024x684.jpg 1024w\" alt=\"\" width=\"1800\" height=\"1202\" \/><\/p>\n<p>&nbsp;<\/p>\n<p class=\"gt-block\">It is of course also<strong>\u00a0rear wheel brake<\/strong>, to be used only when this children&#8217;s vehicle is in scooter mode. The brake also acts as a fender.<\/p>\n<p>&nbsp;<\/p>\n<p class=\"gt-block\">It is worth adding that it is a very solid structure &#8211; the manufacturer gives the rider&#8217;s weight up to 20 kg on the seat and\u00a0<strong>50 kg in the scooter option<\/strong>, but my husband (95 kg) has already tried it too &#8230; of course I ride regularly\u00a0<img decoding=\"async\" class=\"emoji\" role=\"img\" draggable=\"false\" src=\"https:\/\/s.w.org\/images\/core\/emoji\/14.0.0\/svg\/1f642.svg\" alt=\"\" \/><\/p>\n<p>&nbsp;<\/p>\n<p class=\"gt-block\">The manufacturer gives\u00a0<strong>the age of the child from 1 to 5<\/strong>, but it is best to take into account the motor development of the child and his\u00a0<strong>height 82 &#8211; 118 cm<\/strong>\u00a0&#8211; that is, our children aged 1-5 will have a wonderful toy for many years.<\/p>\n<p>&nbsp;<\/p>\n<p><img loading=\"lazy\" decoding=\"async\" class=\"aligncenter size-full wp-image-41875\" src=\"https:\/\/agnieszkakudela.pl\/wp-content\/uploads\/2019\/05\/Jezdzik-i-hulajnoga-2w1-Scootandride-1-1.jpg\" sizes=\"auto, (max-width: 1800px) 100vw, 1800px\" srcset=\"https:\/\/agnieszkakudela.pl\/wp-content\/uploads\/2019\/05\/Jezdzik-i-hulajnoga-2w1-Scootandride-1-1.jpg 1800w, https:\/\/agnieszkakudela.pl\/wp-content\/uploads\/2019\/05\/Jezdzik-i-hulajnoga-2w1-Scootandride-1-1-600x401.jpg 600w, https:\/\/agnieszkakudela.pl\/wp-content\/uploads\/2019\/05\/Jezdzik-i-hulajnoga-2w1-Scootandride-1-1-300x200.jpg 300w, https:\/\/agnieszkakudela.pl\/wp-content\/uploads\/2019\/05\/Jezdzik-i-hulajnoga-2w1-Scootandride-1-1-768x513.jpg 768w, https:\/\/agnieszkakudela.pl\/wp-content\/uploads\/2019\/05\/Jezdzik-i-hulajnoga-2w1-Scootandride-1-1-1024x684.jpg 1024w\" alt=\"\" width=\"1800\" height=\"1202\" \/><img loading=\"lazy\" decoding=\"async\" class=\"aligncenter size-full wp-image-41873\" src=\"https:\/\/agnieszkakudela.pl\/wp-content\/uploads\/2019\/05\/Scootandride-jezdzik-i-hulajnoga-2w1-.jpg\" sizes=\"auto, (max-width: 1800px) 100vw, 1800px\" srcset=\"https:\/\/agnieszkakudela.pl\/wp-content\/uploads\/2019\/05\/Scootandride-jezdzik-i-hulajnoga-2w1-.jpg 1800w, https:\/\/agnieszkakudela.pl\/wp-content\/uploads\/2019\/05\/Scootandride-jezdzik-i-hulajnoga-2w1--600x401.jpg 600w, https:\/\/agnieszkakudela.pl\/wp-content\/uploads\/2019\/05\/Scootandride-jezdzik-i-hulajnoga-2w1--300x200.jpg 300w, https:\/\/agnieszkakudela.pl\/wp-content\/uploads\/2019\/05\/Scootandride-jezdzik-i-hulajnoga-2w1--768x513.jpg 768w, https:\/\/agnieszkakudela.pl\/wp-content\/uploads\/2019\/05\/Scootandride-jezdzik-i-hulajnoga-2w1--1024x684.jpg 1024w\" alt=\"\" width=\"1800\" height=\"1202\" \/><\/p>\n<p>&nbsp;<\/p>\n<p class=\"gt-block\">And if we are talking about long years &#8211; our boys\u00a0<strong>they drive safely, i.e. in helmets<\/strong>.<\/p>\n<p>&nbsp;<\/p>\n<p class=\"gt-block\">Maksio goes to\u00a0<strong>Scoot and Ride helmet<\/strong>which is also great\u00a0<strong>light integrated in the back<\/strong>.<\/p>\n<p>&nbsp;<\/p>\n<p><img loading=\"lazy\" decoding=\"async\" class=\"aligncenter size-full wp-image-41876\" src=\"https:\/\/agnieszkakudela.pl\/wp-content\/uploads\/2019\/05\/kask-scoot-and-ride.jpg\" alt=\"\" width=\"1800\" height=\"2696\" \/><img loading=\"lazy\" decoding=\"async\" class=\"aligncenter size-full wp-image-41878\" src=\"https:\/\/agnieszkakudela.pl\/wp-content\/uploads\/2019\/05\/scoot-and-ride-kask.jpg\" sizes=\"auto, (max-width: 1800px) 100vw, 1800px\" srcset=\"https:\/\/agnieszkakudela.pl\/wp-content\/uploads\/2019\/05\/scoot-and-ride-kask.jpg 1800w, https:\/\/agnieszkakudela.pl\/wp-content\/uploads\/2019\/05\/scoot-and-ride-kask-600x401.jpg 600w, https:\/\/agnieszkakudela.pl\/wp-content\/uploads\/2019\/05\/scoot-and-ride-kask-300x200.jpg 300w, https:\/\/agnieszkakudela.pl\/wp-content\/uploads\/2019\/05\/scoot-and-ride-kask-768x513.jpg 768w, https:\/\/agnieszkakudela.pl\/wp-content\/uploads\/2019\/05\/scoot-and-ride-kask-1024x684.jpg 1024w\" alt=\"\" width=\"1800\" height=\"1202\" \/><\/p>\n<p>&nbsp;<\/p>\n<p>&nbsp;<\/p>\n<p class=\"gt-block\">And Miku\u015b rides in\u00a0<strong>helmet for senior from 47 to 53 cm Janod<\/strong>.<\/p>\n<p>&nbsp;<\/p>\n<p><img loading=\"lazy\" decoding=\"async\" class=\"aligncenter size-full wp-image-41877\" src=\"https:\/\/agnieszkakudela.pl\/wp-content\/uploads\/2019\/05\/kask-janod-niebieski.jpg\" sizes=\"auto, (max-width: 1800px) 100vw, 1800px\" srcset=\"https:\/\/agnieszkakudela.pl\/wp-content\/uploads\/2019\/05\/kask-janod-niebieski.jpg 1800w, https:\/\/agnieszkakudela.pl\/wp-content\/uploads\/2019\/05\/kask-janod-niebieski-600x401.jpg 600w, https:\/\/agnieszkakudela.pl\/wp-content\/uploads\/2019\/05\/kask-janod-niebieski-300x200.jpg 300w, https:\/\/agnieszkakudela.pl\/wp-content\/uploads\/2019\/05\/kask-janod-niebieski-768x513.jpg 768w, https:\/\/agnieszkakudela.pl\/wp-content\/uploads\/2019\/05\/kask-janod-niebieski-1024x684.jpg 1024w\" alt=\"\" width=\"1800\" height=\"1202\" \/><\/p>\n<p>&nbsp;<\/p>\n<p>Without helmets, we do not go on scooters and &#8230; bicycle trailers (I will write about the trailer when we have more trips, because it is another sensational way to spend time actively with children).<\/p>\n<p>&nbsp;<\/p>\n<p class=\"gt-block\">Scooter\u00a0<a href=\"https:\/\/bobomio.pl\/s?q=scootandride\" target=\"_blank\" rel=\"noopener\">Highwaykick1 2w1 Ride and scooter 1-5 years Scoot and Ride<\/a><\/p>\n<p class=\"gt-block\">Max&#8217;s helmet less than 2 years old\u00a0<a href=\"https:\/\/bobomio.pl\/s?q=kask+scoot\" target=\"_blank\" rel=\"noopener\">1-5 children&#8217;s helmet Scoot and Ride<\/a><\/p>\n<p class=\"gt-block\">Mikusia&#8217;s helmet less than 5 years |\u00a0<a href=\"https:\/\/bobomio.pl\/s?q=kask+janod\" target=\"_blank\" rel=\"noopener\">Children&#8217;s helmet 47-54 cm Janod<\/a><\/p>\n<p>&nbsp;<\/p>\n<p class=\"gt-block\"><strong>How do you like our transformers?\u00a0<img decoding=\"async\" class=\"emoji\" role=\"img\" draggable=\"false\" src=\"https:\/\/s.w.org\/images\/core\/emoji\/14.0.0\/svg\/1f642.svg\" alt=\"\" \/>\u00a0<\/strong><\/p>\n","protected":false},"excerpt":{"rendered":"<p>The changes have come. The younger Maksio turns 2 soon and a stroller walk is only possible when the stroller is driving next to it and serves as a lifeguard for tired legs, although they can literally walk kilometers. Miko\u0142aj, as befits a boy, loves&#8230;<\/p>\n","protected":false},"author":1,"featured_media":59598,"comment_status":"open","ping_status":"closed","sticky":false,"template":"","format":"standard","meta":{"footnotes":""},"categories":[798,788,795,800],"tags":[862],"class_list":["post-62004","post","type-post","status-publish","format-standard","has-post-thumbnail","hentry","category-holidays-with-children","category-parentingowy","category-reviews-of-children","category-toys","tag-free-time"],"yoast_head":"<!-- This site is optimized with the Yoast SEO plugin v26.5 - https:\/\/yoast.com\/wordpress\/plugins\/seo\/ -->\n<title>Ride-ons or scooters? Or maybe 2 in 1? - BLOG Agnieszki Kudeli<\/title>\n<meta name=\"description\" content=\"Co wybra\u0107? Je\u017adzik czy hulajnoga? A mo\u017ce 2w1 - rozwi\u0105zanie dla ka\u017cdego dziecka od 1 do 5 lat?\" \/>\n<meta name=\"robots\" content=\"index, follow, max-snippet:-1, max-image-preview:large, max-video-preview:-1\" \/>\n<meta property=\"og:locale\" content=\"en_US\" \/>\n<meta property=\"og:type\" content=\"article\" \/>\n<meta property=\"og:title\" content=\"Ride-ons or scooters? Or maybe 2 in 1? - BLOG Agnieszki Kudeli\" \/>\n<meta property=\"og:description\" content=\"Co wybra\u0107? Je\u017adzik czy hulajnoga? A mo\u017ce 2w1 - rozwi\u0105zanie dla ka\u017cdego dziecka od 1 do 5 lat?\" \/>\n<meta property=\"og:url\" content=\"https:\/\/agnieszkakudela.pl\/en\/jezdzik-hulajnoga-scoot-and-ride\/\" \/>\n<meta property=\"og:site_name\" content=\"AgnieszkaKudela.pl\" \/>\n<meta property=\"article:author\" content=\"https:\/\/www.facebook.com\/AgnieszkaKudelaPL\" \/>\n<meta property=\"article:published_time\" content=\"2019-05-23T18:57:00+00:00\" \/>\n<meta property=\"article:modified_time\" content=\"2023-11-30T15:44:26+00:00\" \/>\n<meta property=\"og:image\" content=\"https:\/\/agnieszkakudela.pl\/wp-content\/uploads\/2019\/05\/jezdzik-hulajnoga-scoot-and-ride.jpg\" \/>\n\t<meta property=\"og:image:width\" content=\"1800\" \/>\n\t<meta property=\"og:image:height\" content=\"1059\" \/>\n\t<meta property=\"og:image:type\" content=\"image\/jpeg\" \/>\n<meta name=\"author\" content=\"Agnieszka\" \/>\n<meta name=\"twitter:card\" content=\"summary_large_image\" \/>\n<meta name=\"twitter:label1\" content=\"Written by\" \/>\n\t<meta name=\"twitter:data1\" content=\"Agnieszka\" \/>\n\t<meta name=\"twitter:label2\" content=\"Est. reading time\" \/>\n\t<meta name=\"twitter:data2\" content=\"4 minutes\" \/>\n<script type=\"application\/ld+json\" class=\"yoast-schema-graph\">{\"@context\":\"https:\/\/schema.org\",\"@graph\":[{\"@type\":\"WebPage\",\"@id\":\"https:\/\/agnieszkakudela.pl\/en\/jezdzik-hulajnoga-scoot-and-ride\/\",\"url\":\"https:\/\/agnieszkakudela.pl\/en\/jezdzik-hulajnoga-scoot-and-ride\/\",\"name\":\"Ride-ons or scooters? Or maybe 2 in 1? - BLOG Agnieszki Kudeli\",\"isPartOf\":{\"@id\":\"https:\/\/agnieszkakudela.pl\/en\/#website\"},\"primaryImageOfPage\":{\"@id\":\"https:\/\/agnieszkakudela.pl\/en\/jezdzik-hulajnoga-scoot-and-ride\/#primaryimage\"},\"image\":{\"@id\":\"https:\/\/agnieszkakudela.pl\/en\/jezdzik-hulajnoga-scoot-and-ride\/#primaryimage\"},\"thumbnailUrl\":\"https:\/\/agnieszkakudela.pl\/wp-content\/uploads\/2019\/05\/jezdzik-hulajnoga-scoot-and-ride.jpg\",\"datePublished\":\"2019-05-23T18:57:00+00:00\",\"dateModified\":\"2023-11-30T15:44:26+00:00\",\"author\":{\"@id\":\"https:\/\/agnieszkakudela.pl\/en\/#\/schema\/person\/6bcb4455a2618219c96dcb211322581a\"},\"description\":\"Co wybra\u0107? Je\u017adzik czy hulajnoga? A mo\u017ce 2w1 - rozwi\u0105zanie dla ka\u017cdego dziecka od 1 do 5 lat?\",\"breadcrumb\":{\"@id\":\"https:\/\/agnieszkakudela.pl\/en\/jezdzik-hulajnoga-scoot-and-ride\/#breadcrumb\"},\"inLanguage\":\"en-US\",\"potentialAction\":[{\"@type\":\"ReadAction\",\"target\":[\"https:\/\/agnieszkakudela.pl\/en\/jezdzik-hulajnoga-scoot-and-ride\/\"]}]},{\"@type\":\"ImageObject\",\"inLanguage\":\"en-US\",\"@id\":\"https:\/\/agnieszkakudela.pl\/en\/jezdzik-hulajnoga-scoot-and-ride\/#primaryimage\",\"url\":\"https:\/\/agnieszkakudela.pl\/wp-content\/uploads\/2019\/05\/jezdzik-hulajnoga-scoot-and-ride.jpg\",\"contentUrl\":\"https:\/\/agnieszkakudela.pl\/wp-content\/uploads\/2019\/05\/jezdzik-hulajnoga-scoot-and-ride.jpg\",\"width\":1200,\"height\":706},{\"@type\":\"BreadcrumbList\",\"@id\":\"https:\/\/agnieszkakudela.pl\/en\/jezdzik-hulajnoga-scoot-and-ride\/#breadcrumb\",\"itemListElement\":[{\"@type\":\"ListItem\",\"position\":1,\"name\":\"Strona g\u0142\u00f3wna\",\"item\":\"https:\/\/agnieszkakudela.pl\/en\/\"},{\"@type\":\"ListItem\",\"position\":2,\"name\":\"Ride-ons or scooters? Or maybe 2 in 1?\"}]},{\"@type\":\"WebSite\",\"@id\":\"https:\/\/agnieszkakudela.pl\/en\/#website\",\"url\":\"https:\/\/agnieszkakudela.pl\/en\/\",\"name\":\"AgnieszkaKudela.pl\",\"description\":\"Blog parentingowy i modowy, prowadzony przez Wedding Plannerk\u0119, Mam\u0119 2,5 letniego Miko\u0142aja, oczekuj\u0105c\u0105 kolejnego Maluszka.\",\"potentialAction\":[{\"@type\":\"SearchAction\",\"target\":{\"@type\":\"EntryPoint\",\"urlTemplate\":\"https:\/\/agnieszkakudela.pl\/en\/?s={search_term_string}\"},\"query-input\":{\"@type\":\"PropertyValueSpecification\",\"valueRequired\":true,\"valueName\":\"search_term_string\"}}],\"inLanguage\":\"en-US\"},{\"@type\":\"Person\",\"@id\":\"https:\/\/agnieszkakudela.pl\/en\/#\/schema\/person\/6bcb4455a2618219c96dcb211322581a\",\"name\":\"Agnieszka\",\"image\":{\"@type\":\"ImageObject\",\"inLanguage\":\"en-US\",\"@id\":\"https:\/\/agnieszkakudela.pl\/en\/#\/schema\/person\/image\/\",\"url\":\"https:\/\/secure.gravatar.com\/avatar\/273e276984ad85ab6128668c9b74de17ce7242096c56402401f29d5962fa11fa?s=96&d=identicon&r=g\",\"contentUrl\":\"https:\/\/secure.gravatar.com\/avatar\/273e276984ad85ab6128668c9b74de17ce7242096c56402401f29d5962fa11fa?s=96&d=identicon&r=g\",\"caption\":\"Agnieszka\"},\"description\":\"Wedding Plannerka Mama 3 letniego Miko\u0142aja i kilkumiesi\u0119cznego Maksa. Zakochana w \u017cyciu i swoim M\u0119\u017cu.\",\"sameAs\":[\"https:\/\/agnieszkakudela.pl\/\",\"https:\/\/www.facebook.com\/AgnieszkaKudelaPL\"],\"url\":\"https:\/\/agnieszkakudela.pl\/en\/author\/spodkocyka\/\"}]}<\/script>\n<!-- \/ Yoast SEO plugin. -->","yoast_head_json":{"title":"Ride-ons or scooters? Or maybe 2 in 1? - BLOG Agnieszki Kudeli","description":"Co wybra\u0107? Je\u017adzik czy hulajnoga? A mo\u017ce 2w1 - rozwi\u0105zanie dla ka\u017cdego dziecka od 1 do 5 lat?","robots":{"index":"index","follow":"follow","max-snippet":"max-snippet:-1","max-image-preview":"max-image-preview:large","max-video-preview":"max-video-preview:-1"},"og_locale":"en_US","og_type":"article","og_title":"Ride-ons or scooters? Or maybe 2 in 1? - BLOG Agnieszki Kudeli","og_description":"Co wybra\u0107? Je\u017adzik czy hulajnoga? A mo\u017ce 2w1 - rozwi\u0105zanie dla ka\u017cdego dziecka od 1 do 5 lat?","og_url":"https:\/\/agnieszkakudela.pl\/en\/jezdzik-hulajnoga-scoot-and-ride\/","og_site_name":"AgnieszkaKudela.pl","article_author":"https:\/\/www.facebook.com\/AgnieszkaKudelaPL","article_published_time":"2019-05-23T18:57:00+00:00","article_modified_time":"2023-11-30T15:44:26+00:00","og_image":[{"width":1800,"height":1059,"url":"https:\/\/agnieszkakudela.pl\/wp-content\/uploads\/2019\/05\/jezdzik-hulajnoga-scoot-and-ride.jpg","type":"image\/jpeg"}],"author":"Agnieszka","twitter_card":"summary_large_image","twitter_misc":{"Written by":"Agnieszka","Est. reading time":"4 minutes"},"schema":{"@context":"https:\/\/schema.org","@graph":[{"@type":"WebPage","@id":"https:\/\/agnieszkakudela.pl\/en\/jezdzik-hulajnoga-scoot-and-ride\/","url":"https:\/\/agnieszkakudela.pl\/en\/jezdzik-hulajnoga-scoot-and-ride\/","name":"Ride-ons or scooters? Or maybe 2 in 1? - BLOG Agnieszki Kudeli","isPartOf":{"@id":"https:\/\/agnieszkakudela.pl\/en\/#website"},"primaryImageOfPage":{"@id":"https:\/\/agnieszkakudela.pl\/en\/jezdzik-hulajnoga-scoot-and-ride\/#primaryimage"},"image":{"@id":"https:\/\/agnieszkakudela.pl\/en\/jezdzik-hulajnoga-scoot-and-ride\/#primaryimage"},"thumbnailUrl":"https:\/\/agnieszkakudela.pl\/wp-content\/uploads\/2019\/05\/jezdzik-hulajnoga-scoot-and-ride.jpg","datePublished":"2019-05-23T18:57:00+00:00","dateModified":"2023-11-30T15:44:26+00:00","author":{"@id":"https:\/\/agnieszkakudela.pl\/en\/#\/schema\/person\/6bcb4455a2618219c96dcb211322581a"},"description":"Co wybra\u0107? Je\u017adzik czy hulajnoga? A mo\u017ce 2w1 - rozwi\u0105zanie dla ka\u017cdego dziecka od 1 do 5 lat?","breadcrumb":{"@id":"https:\/\/agnieszkakudela.pl\/en\/jezdzik-hulajnoga-scoot-and-ride\/#breadcrumb"},"inLanguage":"en-US","potentialAction":[{"@type":"ReadAction","target":["https:\/\/agnieszkakudela.pl\/en\/jezdzik-hulajnoga-scoot-and-ride\/"]}]},{"@type":"ImageObject","inLanguage":"en-US","@id":"https:\/\/agnieszkakudela.pl\/en\/jezdzik-hulajnoga-scoot-and-ride\/#primaryimage","url":"https:\/\/agnieszkakudela.pl\/wp-content\/uploads\/2019\/05\/jezdzik-hulajnoga-scoot-and-ride.jpg","contentUrl":"https:\/\/agnieszkakudela.pl\/wp-content\/uploads\/2019\/05\/jezdzik-hulajnoga-scoot-and-ride.jpg","width":1200,"height":706},{"@type":"BreadcrumbList","@id":"https:\/\/agnieszkakudela.pl\/en\/jezdzik-hulajnoga-scoot-and-ride\/#breadcrumb","itemListElement":[{"@type":"ListItem","position":1,"name":"Strona g\u0142\u00f3wna","item":"https:\/\/agnieszkakudela.pl\/en\/"},{"@type":"ListItem","position":2,"name":"Ride-ons or scooters? Or maybe 2 in 1?"}]},{"@type":"WebSite","@id":"https:\/\/agnieszkakudela.pl\/en\/#website","url":"https:\/\/agnieszkakudela.pl\/en\/","name":"AgnieszkaKudela.pl","description":"Blog parentingowy i modowy, prowadzony przez Wedding Plannerk\u0119, Mam\u0119 2,5 letniego Miko\u0142aja, oczekuj\u0105c\u0105 kolejnego Maluszka.","potentialAction":[{"@type":"SearchAction","target":{"@type":"EntryPoint","urlTemplate":"https:\/\/agnieszkakudela.pl\/en\/?s={search_term_string}"},"query-input":{"@type":"PropertyValueSpecification","valueRequired":true,"valueName":"search_term_string"}}],"inLanguage":"en-US"},{"@type":"Person","@id":"https:\/\/agnieszkakudela.pl\/en\/#\/schema\/person\/6bcb4455a2618219c96dcb211322581a","name":"Agnieszka","image":{"@type":"ImageObject","inLanguage":"en-US","@id":"https:\/\/agnieszkakudela.pl\/en\/#\/schema\/person\/image\/","url":"https:\/\/secure.gravatar.com\/avatar\/273e276984ad85ab6128668c9b74de17ce7242096c56402401f29d5962fa11fa?s=96&d=identicon&r=g","contentUrl":"https:\/\/secure.gravatar.com\/avatar\/273e276984ad85ab6128668c9b74de17ce7242096c56402401f29d5962fa11fa?s=96&d=identicon&r=g","caption":"Agnieszka"},"description":"Wedding Plannerka Mama 3 letniego Miko\u0142aja i kilkumiesi\u0119cznego Maksa. Zakochana w \u017cyciu i swoim M\u0119\u017cu.","sameAs":["https:\/\/agnieszkakudela.pl\/","https:\/\/www.facebook.com\/AgnieszkaKudelaPL"],"url":"https:\/\/agnieszkakudela.pl\/en\/author\/spodkocyka\/"}]}},"_links":{"self":[{"href":"https:\/\/agnieszkakudela.pl\/en\/wp-json\/wp\/v2\/posts\/62004","targetHints":{"allow":["GET"]}}],"collection":[{"href":"https:\/\/agnieszkakudela.pl\/en\/wp-json\/wp\/v2\/posts"}],"about":[{"href":"https:\/\/agnieszkakudela.pl\/en\/wp-json\/wp\/v2\/types\/post"}],"author":[{"embeddable":true,"href":"https:\/\/agnieszkakudela.pl\/en\/wp-json\/wp\/v2\/users\/1"}],"replies":[{"embeddable":true,"href":"https:\/\/agnieszkakudela.pl\/en\/wp-json\/wp\/v2\/comments?post=62004"}],"version-history":[{"count":0,"href":"https:\/\/agnieszkakudela.pl\/en\/wp-json\/wp\/v2\/posts\/62004\/revisions"}],"wp:featuredmedia":[{"embeddable":true,"href":"https:\/\/agnieszkakudela.pl\/en\/wp-json\/wp\/v2\/media\/59598"}],"wp:attachment":[{"href":"https:\/\/agnieszkakudela.pl\/en\/wp-json\/wp\/v2\/media?parent=62004"}],"wp:term":[{"taxonomy":"category","embeddable":true,"href":"https:\/\/agnieszkakudela.pl\/en\/wp-json\/wp\/v2\/categories?post=62004"},{"taxonomy":"post_tag","embeddable":true,"href":"https:\/\/agnieszkakudela.pl\/en\/wp-json\/wp\/v2\/tags?post=62004"}],"curies":[{"name":"wp","href":"https:\/\/api.w.org\/{rel}","templated":true}]}}