{"id":62022,"date":"2015-11-01T08:05:30","date_gmt":"2015-11-01T07:05:30","guid":{"rendered":"https:\/\/dev.agnieszkakudela.pl\/krzeselko-do-karmienia-ikea-antilop-vs-pegperego\/"},"modified":"2023-11-30T17:28:18","modified_gmt":"2023-11-30T16:28:18","slug":"krzeselko-do-karmienia-ikea-antilop-vs-pegperego","status":"publish","type":"post","link":"https:\/\/agnieszkakudela.pl\/en\/krzeselko-do-karmienia-ikea-antilop-vs-pegperego\/","title":{"rendered":"IKEA high chair vs. PegPerego | Layette"},"content":{"rendered":"<p>There is probably a high chair on your lay list. What to look for when choosing a high chair? Which choose?<br \/>\n<!--more--><\/p>\n<p>For a long time I could not write this post because it is difficult to compare two so different products that only have a common name. Everything else is absolutely different: functionality, materials used for execution, as well as the price.<\/p>\n<p class=\"gt-block\">We have two high chairs:\u00a0<strong>Peg Perego Prima Pappa Zero 3<\/strong>\u00a0i\u00a0<strong>IKEA ANTILOP<\/strong>\u00a0with a tray and an inflatable pillow. Which one is better?<\/p>\n<p>Let the following table help us in answering this difficult question:<\/p>\n<p><a title=\"IKEA high chair vs. PegPerego | Layette\" href=\"https:\/\/agnieszkakudela.pl\/wp-content\/uploads\/2015\/11\/Fotelik-do-karmienia-Peg-Perego-vs-IKEA-kat.jpg\" rel=\"gallery-image-content\" title=\"IKEA high chair vs. PegPerego | Layette\" rel=\"gallery-image-content\"><img loading=\"lazy\" decoding=\"async\" class=\"aligncenter size-full wp-image-11926\" src=\"https:\/\/agnieszkakudela.pl\/wp-content\/uploads\/2015\/11\/Fotelik-do-karmienia-Peg-Perego-vs-IKEA-kat.jpg\" sizes=\"auto, (max-width: 1700px) 100vw, 1700px\" srcset=\"https:\/\/agnieszkakudela.pl\/wp-content\/uploads\/2015\/11\/Fotelik-do-karmienia-Peg-Perego-vs-IKEA-kat.jpg 1700w, https:\/\/agnieszkakudela.pl\/wp-content\/uploads\/2015\/11\/Fotelik-do-karmienia-Peg-Perego-vs-IKEA-kat-600x300.jpg 600w, https:\/\/agnieszkakudela.pl\/wp-content\/uploads\/2015\/11\/Fotelik-do-karmienia-Peg-Perego-vs-IKEA-kat-300x150.jpg 300w, https:\/\/agnieszkakudela.pl\/wp-content\/uploads\/2015\/11\/Fotelik-do-karmienia-Peg-Perego-vs-IKEA-kat-1024x512.jpg 1024w, https:\/\/agnieszkakudela.pl\/wp-content\/uploads\/2015\/11\/Fotelik-do-karmienia-Peg-Perego-vs-IKEA-kat-1170x585.jpg 1170w, https:\/\/agnieszkakudela.pl\/wp-content\/uploads\/2015\/11\/Fotelik-do-karmienia-Peg-Perego-vs-IKEA-kat-880x440.jpg 880w\" alt=\"peg perego prima pappa zero3 ikea antilop highchair\" width=\"1700\" height=\"850\" \/><\/a><\/p>\n<table class=\" aligncenter\" border=\"0\" width=\"800\" cellspacing=\"0\" cellpadding=\"0\">\n<colgroup>\n<col width=\"188\" \/>\n<col width=\"300\" \/>\n<col width=\"300\" \/><\/colgroup>\n<tbody>\n<tr>\n<td class=\"xl64\" width=\"188\" height=\"20\"><strong>High chair:<\/strong><\/td>\n<td class=\"xl64\" width=\"300\"><strong>PegPerego Prima Pappa Zero3<\/strong><\/td>\n<td class=\"xl64\" width=\"300\"><strong>IKEA ANTILOP<\/strong><\/td>\n<\/tr>\n<tr>\n<td class=\"xl65\" width=\"188\" height=\"32\"><strong>Since when:<\/strong><\/td>\n<td class=\"xl65\" width=\"300\">since birth<\/td>\n<td class=\"xl65\" width=\"300\">since the child sits separately<br \/>\nwhich is about 5-7 months<\/td>\n<\/tr>\n<tr>\n<td class=\"xl65\" width=\"188\" height=\"24\"><strong>Height adjustment:<\/strong><\/td>\n<td class=\"xl65\" width=\"300\">yes, 6 height<\/td>\n<td class=\"xl65\" width=\"300\">None<\/td>\n<\/tr>\n<tr>\n<td class=\"xl65\" width=\"188\" height=\"24\"><strong>Backrest adjustment:<\/strong><\/td>\n<td class=\"xl65\" width=\"300\">yes, 5 items<\/td>\n<td class=\"xl65\" width=\"300\">None<\/td>\n<\/tr>\n<tr>\n<td class=\"xl65\" width=\"188\" height=\"42\"><strong>Headrest, head rest:<\/strong><\/td>\n<td class=\"xl65\" width=\"300\">so<\/td>\n<td class=\"xl65\" width=\"300\">nie<\/td>\n<\/tr>\n<tr>\n<td class=\"xl65\" width=\"188\" height=\"24\"><strong>Footrest:<\/strong><\/td>\n<td class=\"xl65\" width=\"300\">so<\/td>\n<td class=\"xl65\" width=\"300\">nie<\/td>\n<\/tr>\n<tr>\n<td class=\"xl65\" width=\"188\" height=\"24\"><strong>Footrest adjustment:<\/strong><\/td>\n<td class=\"xl65\" width=\"300\">so<\/td>\n<td class=\"xl65\" width=\"300\">&#8211;<\/td>\n<\/tr>\n<tr>\n<td class=\"xl65\" width=\"188\" height=\"61\"><strong>material,<\/strong><br \/>\n<strong>from which the seat is made:<\/strong><\/td>\n<td class=\"xl65\" width=\"300\">PVC leather<\/td>\n<td class=\"xl65\" width=\"300\">plastic,<br \/>\nyou can buy an inflatable polyester pillow<\/td>\n<\/tr>\n<tr>\n<td class=\"xl65\" width=\"188\" height=\"32\"><strong>colors:<\/strong><\/td>\n<td class=\"xl65\" width=\"300\">beige, orange, red,<br \/>\ngreen, turquoise, black<\/td>\n<td class=\"xl65\" width=\"300\">white (red is no longer on sale)<\/td>\n<\/tr>\n<tr>\n<td class=\"xl65\" width=\"188\" height=\"24\"><strong>tray:<\/strong><\/td>\n<td class=\"xl65\" width=\"300\">two-piece<\/td>\n<td class=\"xl65\" width=\"300\">one piece<\/td>\n<\/tr>\n<tr>\n<td class=\"xl65\" width=\"188\" height=\"24\"><strong>Tray removal:<\/strong><\/td>\n<td class=\"xl65\" width=\"300\">easy<\/td>\n<td class=\"xl65\" width=\"300\">hard<\/td>\n<\/tr>\n<tr>\n<td class=\"xl65\" width=\"188\" height=\"24\"><strong>Seatbelts:<\/strong><\/td>\n<td class=\"xl65\" width=\"300\">5 point<\/td>\n<td class=\"xl65\" width=\"300\">3 point<\/td>\n<\/tr>\n<tr>\n<td class=\"xl65\" width=\"188\" height=\"24\"><strong>Easy to clean:<\/strong><\/td>\n<td class=\"xl65\" width=\"300\">average<\/td>\n<td class=\"xl65\" width=\"300\">very big<\/td>\n<\/tr>\n<tr>\n<td class=\"xl65\" width=\"188\" height=\"24\"><strong>Moving wheels:<\/strong><\/td>\n<td class=\"xl65\" width=\"300\">yes two<\/td>\n<td class=\"xl65\" width=\"300\">None<\/td>\n<\/tr>\n<tr>\n<td class=\"xl65\" width=\"188\" height=\"42\"><strong>Quick fold to save space:<\/strong><\/td>\n<td class=\"xl65\" width=\"300\">so<\/td>\n<td class=\"xl65\" width=\"300\">nie<\/td>\n<\/tr>\n<tr>\n<td class=\"xl65\" width=\"188\" height=\"48\"><strong>Price:<\/strong><\/td>\n<td class=\"xl66\" width=\"300\">PLN 509<\/td>\n<td class=\"xl66\" width=\"300\">PLN 68,99<br \/>\n= 39 PLN chair + PLN 10 tray<br \/>\n+ pillow and pillowcase 19,99 PLN<\/td>\n<\/tr>\n<\/tbody>\n<\/table>\n<p class=\"gt-block\">chair\u00a0<strong>Peg Perego<\/strong>\u00a0it serves us primarily to spend time together.\u00a0<strong>We bought them when Santa was 3 months<\/strong>\u00a0and he was so curious about the world that he did not want to lie on the floor or a low swing \/ lounger for too long, because he could not observe the world that was interesting to him. I remember when he was about 2 months old and he always calmed down when we put him on the changing table &#8211; he was high, close to us, smiling, happy and interested, although a minute earlier he was very angry in the crib or on the deckchair.<\/p>\n<p class=\"gt-block\">Then I decided to go to the store and choose a high feeding chair folded almost flat, suitable for such a baby.\u00a0<strong>We were thinking between Peg Perego Prima Pappa ZERO 3 and Chicco Polly Magic 3w1<\/strong>. The decision was very difficult, but ultimately we were convinced by the lower weight of Peg Perego (sometimes we used it downstairs in the kitchen, and sometimes upstairs in the room), its greater stability and the fact that when unfolding it does not behave like a bucket, it only spreads out giving a really comfortable position for such little ones.<\/p>\n<p class=\"gt-block\"><strong>Although at home we already had the ANTILOP highchair from IKEA<\/strong>\u00a0I knew that we would need a different solution for a few more months. I really wanted Santa to accompany me, for example, when I am getting ready in the bathroom in the morning, how I cook or when we eat dinner at the table. And I&#8217;m so glad that I bought them, this chair was a bull&#8217;s eye! Suddenly I was able to cook dinner during the day with my baby, who is interested and closely watching everything I do, we spent many hours in the kitchen singing songs, laughing, we could &#8220;sit&#8221; with the whole family at one table. Despite the high price, I think it was worth it.\u00a0<strong>My only regret was that I bought them so late<\/strong>.<\/p>\n<p class=\"gt-block\">When Miki began his adventure with expanding his diet, when he was 6 months old, it turned out that it was a very dirty matter and that at this stage of learning to eat\u00a0<strong>The PegPerego seat was worse because it turned out to be quite difficult to keep clean<\/strong>. The blended carrots fell into the recesses of the car seat, which, although it had a completely washable surface (eco-leather) required quite a long cleaning after each feeding. Then I decided<strong>\u00a0transplant Santa into the IKEA car seat while feeding<\/strong>. It is smaller, which makes it more convenient 01 for independent eating and ideal for washing. I&#8217;ve even put him in the shower!<\/p>\n<p class=\"gt-block\"><strong>My advice<\/strong>? Of course, as I always emphasize, it all depends on your limitations. If you are heavily limited by finances, I recommend a highchair from IKEA, which, however, will only be useful for you from about 6 months. If you are at the stage of choosing a bouncer for a child, I recommend that you add and buy a Peg Perego seat, to which we mounted a toy bar and served as a bouncer, and then you will additionally use it as a feeding chair. If your little one is already sitting alone or will soon be there, I also recommend you a highchair from Ikea &#8211; we have not used the backrest tilt function for a long time, maybe you will miss a footrest, but you can &#8220;add extra&#8221; to it yourself. And if you are not too limited by the budget or the place at home, I recommend you to have these two chairs, especially if, like us, you live on two levels. We have one in the bathroom, and Miki and I spend mornings together.<\/p>\n<p class=\"gt-block\"><strong>Let me know which high chair you would choose? In the comments, please write about other car seats that have worked for you &#8211; they will definitely be valuable advice for parents reading us.<\/strong><\/p>\n<h4><strong>See our other posts about arranging a room for a child:<\/strong><\/h4>\n<p class=\"gt-block\">1. An idea for a children&#8217;s room design, or how and where to start&gt;\u00a0<a href=\"https:\/\/agnieszkakudela.pl\/en\/idea-for-children%27s-room-design\/\" rel=\"nofollow\">click\u00a0<\/a><\/p>\n<p class=\"gt-block\">2. Zigzag, asterisk and an owl &#8211; yellow and gray room for a child&gt;\u00a0<a href=\"https:\/\/agnieszkakudela.pl\/en\/idea-for-children%27s-room-design\/\" rel=\"&quot;nofollow\">click<\/a><\/p>\n<p class=\"gt-block\">3. Yellow and gray room for a child, step by step, that is a list of all products with links to DIY stores and projects&gt;\u00a0<a href=\"https:\/\/agnieszkakudela.pl\/en\/baby-room-step-by-step-yellow-gray\/\" rel=\"&quot;nofollow\">click<\/a><\/p>\n<p class=\"gt-block\">4. How to sew curtains? DIY or do it yourself&gt;\u00a0<a href=\"https:\/\/agnieszkakudela.pl\/en\/how-to-sew-curtains-diy-sewing-the-interior\/\" rel=\"&quot;nofollow\">click<\/a><\/p>\n<p class=\"gt-block\">5. Garland with stars for a child&#8217;s room &#8211; DIY&gt;\u00a0<a href=\"https:\/\/agnieszkakudela.pl\/en\/Garland-with-stars-for-children%27s-DIY-room\/\" rel=\"&quot;nofollow\">click<\/a><\/p>\n<p class=\"gt-block\">6. How to organize the first sleeping place for a child? &gt;\u00a0<a href=\"https:\/\/agnieszkakudela.pl\/en\/our-cosleeping-and-sleeping-once\/\" rel=\"&quot;nofollow\">click<\/a><\/p>\n<p class=\"gt-block\">7. How to organize a breastfeeding corner? &gt;\u00a0<a href=\"https:\/\/agnieszkakudela.pl\/en\/how-to-organize-a-breastfeeding-corner\/\" rel=\"&quot;nofollow\">click<\/a><\/p>\n<p class=\"gt-block\">8. How to organize a changing corner? &gt;\u00a0<a href=\"https:\/\/agnieszkakudela.pl\/en\/baby-wrap-layette\/\" rel=\"&quot;nofollow\">click<\/a><\/p>\n<p class=\"gt-block\">9. Swaddle blanket, sleeping bag, swaddle blanket, or maybe a duvet and pillow? &gt;\u00a0<a href=\"https:\/\/agnieszkakudela.pl\/en\/blanket%2C-sleeping-bag%2C-swaddle%2C-maybe-quilt-and-pillow\/\" rel=\"&quot;nofollow\">click<\/a><\/p>\n","protected":false},"excerpt":{"rendered":"<p>There is probably a high chair on your lay list. What to look for when choosing a high chair? Which choose?<\/p>\n","protected":false},"author":1,"featured_media":56248,"comment_status":"open","ping_status":"closed","sticky":false,"template":"","format":"standard","meta":{"footnotes":""},"categories":[788,803,800],"tags":[816,948,836],"class_list":["post-62022","post","type-post","status-publish","format-standard","has-post-thumbnail","hentry","category-parentingowy","category-reviews","category-toys","tag-baby-blog","tag-childrens-room","tag-tips"],"yoast_head":"<!-- This site is optimized with the Yoast SEO plugin v26.5 - https:\/\/yoast.com\/wordpress\/plugins\/seo\/ -->\n<title>IKEA high chair vs. PegPerego | Layette - BLOG<\/title>\n<meta name=\"description\" content=\"Na Waszej wyprawkowej li\u015bcie jest zapewne krzese\u0142ko do karmienia. Na co zwr\u00f3ci\u0107 uwag\u0119 przy wyborze krzese\u0142ka do karmienia? Kt\u00f3re wybra\u0107?\" \/>\n<meta name=\"robots\" content=\"index, follow, max-snippet:-1, max-image-preview:large, max-video-preview:-1\" \/>\n<meta property=\"og:locale\" content=\"en_US\" \/>\n<meta property=\"og:type\" content=\"article\" \/>\n<meta property=\"og:title\" content=\"IKEA high chair vs. PegPerego | Layette - BLOG\" \/>\n<meta property=\"og:description\" content=\"Na Waszej wyprawkowej li\u015bcie jest zapewne krzese\u0142ko do karmienia. Na co zwr\u00f3ci\u0107 uwag\u0119 przy wyborze krzese\u0142ka do karmienia? Kt\u00f3re wybra\u0107?\" \/>\n<meta property=\"og:url\" content=\"https:\/\/agnieszkakudela.pl\/en\/krzeselko-do-karmienia-ikea-antilop-vs-pegperego\/\" \/>\n<meta property=\"og:site_name\" content=\"AgnieszkaKudela.pl\" \/>\n<meta property=\"article:author\" content=\"https:\/\/www.facebook.com\/AgnieszkaKudelaPL\" \/>\n<meta property=\"article:published_time\" content=\"2015-11-01T07:05:30+00:00\" \/>\n<meta property=\"article:modified_time\" content=\"2023-11-30T16:28:18+00:00\" \/>\n<meta property=\"og:image\" content=\"https:\/\/agnieszkakudela.pl\/wp-content\/uploads\/2015\/10\/Fotelik-do-karmienia-Peg-Perego-vs-IKEA.jpg\" \/>\n\t<meta property=\"og:image:width\" content=\"850\" \/>\n\t<meta property=\"og:image:height\" content=\"500\" \/>\n\t<meta property=\"og:image:type\" content=\"image\/jpeg\" \/>\n<meta name=\"author\" content=\"Agnieszka\" \/>\n<meta name=\"twitter:card\" content=\"summary_large_image\" \/>\n<meta name=\"twitter:label1\" content=\"Written by\" \/>\n\t<meta name=\"twitter:data1\" content=\"Agnieszka\" \/>\n\t<meta name=\"twitter:label2\" content=\"Est. reading time\" \/>\n\t<meta name=\"twitter:data2\" content=\"5 minutes\" \/>\n<script type=\"application\/ld+json\" class=\"yoast-schema-graph\">{\"@context\":\"https:\/\/schema.org\",\"@graph\":[{\"@type\":\"WebPage\",\"@id\":\"https:\/\/agnieszkakudela.pl\/en\/krzeselko-do-karmienia-ikea-antilop-vs-pegperego\/\",\"url\":\"https:\/\/agnieszkakudela.pl\/en\/krzeselko-do-karmienia-ikea-antilop-vs-pegperego\/\",\"name\":\"IKEA high chair vs. PegPerego | Layette - BLOG\",\"isPartOf\":{\"@id\":\"https:\/\/agnieszkakudela.pl\/en\/#website\"},\"primaryImageOfPage\":{\"@id\":\"https:\/\/agnieszkakudela.pl\/en\/krzeselko-do-karmienia-ikea-antilop-vs-pegperego\/#primaryimage\"},\"image\":{\"@id\":\"https:\/\/agnieszkakudela.pl\/en\/krzeselko-do-karmienia-ikea-antilop-vs-pegperego\/#primaryimage\"},\"thumbnailUrl\":\"https:\/\/agnieszkakudela.pl\/wp-content\/uploads\/2015\/10\/Fotelik-do-karmienia-Peg-Perego-vs-IKEA.jpg\",\"datePublished\":\"2015-11-01T07:05:30+00:00\",\"dateModified\":\"2023-11-30T16:28:18+00:00\",\"author\":{\"@id\":\"https:\/\/agnieszkakudela.pl\/en\/#\/schema\/person\/6bcb4455a2618219c96dcb211322581a\"},\"description\":\"Na Waszej wyprawkowej li\u015bcie jest zapewne krzese\u0142ko do karmienia. Na co zwr\u00f3ci\u0107 uwag\u0119 przy wyborze krzese\u0142ka do karmienia? Kt\u00f3re wybra\u0107?\",\"breadcrumb\":{\"@id\":\"https:\/\/agnieszkakudela.pl\/en\/krzeselko-do-karmienia-ikea-antilop-vs-pegperego\/#breadcrumb\"},\"inLanguage\":\"en-US\",\"potentialAction\":[{\"@type\":\"ReadAction\",\"target\":[\"https:\/\/agnieszkakudela.pl\/en\/krzeselko-do-karmienia-ikea-antilop-vs-pegperego\/\"]}]},{\"@type\":\"ImageObject\",\"inLanguage\":\"en-US\",\"@id\":\"https:\/\/agnieszkakudela.pl\/en\/krzeselko-do-karmienia-ikea-antilop-vs-pegperego\/#primaryimage\",\"url\":\"https:\/\/agnieszkakudela.pl\/wp-content\/uploads\/2015\/10\/Fotelik-do-karmienia-Peg-Perego-vs-IKEA.jpg\",\"contentUrl\":\"https:\/\/agnieszkakudela.pl\/wp-content\/uploads\/2015\/10\/Fotelik-do-karmienia-Peg-Perego-vs-IKEA.jpg\",\"width\":850,\"height\":500},{\"@type\":\"BreadcrumbList\",\"@id\":\"https:\/\/agnieszkakudela.pl\/en\/krzeselko-do-karmienia-ikea-antilop-vs-pegperego\/#breadcrumb\",\"itemListElement\":[{\"@type\":\"ListItem\",\"position\":1,\"name\":\"Strona g\u0142\u00f3wna\",\"item\":\"https:\/\/agnieszkakudela.pl\/en\/\"},{\"@type\":\"ListItem\",\"position\":2,\"name\":\"IKEA high chair vs. PegPerego | Layette\"}]},{\"@type\":\"WebSite\",\"@id\":\"https:\/\/agnieszkakudela.pl\/en\/#website\",\"url\":\"https:\/\/agnieszkakudela.pl\/en\/\",\"name\":\"AgnieszkaKudela.pl\",\"description\":\"Blog parentingowy i modowy, prowadzony przez Wedding Plannerk\u0119, Mam\u0119 2,5 letniego Miko\u0142aja, oczekuj\u0105c\u0105 kolejnego Maluszka.\",\"potentialAction\":[{\"@type\":\"SearchAction\",\"target\":{\"@type\":\"EntryPoint\",\"urlTemplate\":\"https:\/\/agnieszkakudela.pl\/en\/?s={search_term_string}\"},\"query-input\":{\"@type\":\"PropertyValueSpecification\",\"valueRequired\":true,\"valueName\":\"search_term_string\"}}],\"inLanguage\":\"en-US\"},{\"@type\":\"Person\",\"@id\":\"https:\/\/agnieszkakudela.pl\/en\/#\/schema\/person\/6bcb4455a2618219c96dcb211322581a\",\"name\":\"Agnieszka\",\"image\":{\"@type\":\"ImageObject\",\"inLanguage\":\"en-US\",\"@id\":\"https:\/\/agnieszkakudela.pl\/en\/#\/schema\/person\/image\/\",\"url\":\"https:\/\/secure.gravatar.com\/avatar\/273e276984ad85ab6128668c9b74de17ce7242096c56402401f29d5962fa11fa?s=96&d=identicon&r=g\",\"contentUrl\":\"https:\/\/secure.gravatar.com\/avatar\/273e276984ad85ab6128668c9b74de17ce7242096c56402401f29d5962fa11fa?s=96&d=identicon&r=g\",\"caption\":\"Agnieszka\"},\"description\":\"Wedding Plannerka Mama 3 letniego Miko\u0142aja i kilkumiesi\u0119cznego Maksa. Zakochana w \u017cyciu i swoim M\u0119\u017cu.\",\"sameAs\":[\"https:\/\/agnieszkakudela.pl\/\",\"https:\/\/www.facebook.com\/AgnieszkaKudelaPL\"],\"url\":\"https:\/\/agnieszkakudela.pl\/en\/author\/spodkocyka\/\"}]}<\/script>\n<!-- \/ Yoast SEO plugin. -->","yoast_head_json":{"title":"IKEA high chair vs. PegPerego | Layette - BLOG","description":"Na Waszej wyprawkowej li\u015bcie jest zapewne krzese\u0142ko do karmienia. Na co zwr\u00f3ci\u0107 uwag\u0119 przy wyborze krzese\u0142ka do karmienia? Kt\u00f3re wybra\u0107?","robots":{"index":"index","follow":"follow","max-snippet":"max-snippet:-1","max-image-preview":"max-image-preview:large","max-video-preview":"max-video-preview:-1"},"og_locale":"en_US","og_type":"article","og_title":"IKEA high chair vs. PegPerego | Layette - BLOG","og_description":"Na Waszej wyprawkowej li\u015bcie jest zapewne krzese\u0142ko do karmienia. Na co zwr\u00f3ci\u0107 uwag\u0119 przy wyborze krzese\u0142ka do karmienia? Kt\u00f3re wybra\u0107?","og_url":"https:\/\/agnieszkakudela.pl\/en\/krzeselko-do-karmienia-ikea-antilop-vs-pegperego\/","og_site_name":"AgnieszkaKudela.pl","article_author":"https:\/\/www.facebook.com\/AgnieszkaKudelaPL","article_published_time":"2015-11-01T07:05:30+00:00","article_modified_time":"2023-11-30T16:28:18+00:00","og_image":[{"width":850,"height":500,"url":"https:\/\/agnieszkakudela.pl\/wp-content\/uploads\/2015\/10\/Fotelik-do-karmienia-Peg-Perego-vs-IKEA.jpg","type":"image\/jpeg"}],"author":"Agnieszka","twitter_card":"summary_large_image","twitter_misc":{"Written by":"Agnieszka","Est. reading time":"5 minutes"},"schema":{"@context":"https:\/\/schema.org","@graph":[{"@type":"WebPage","@id":"https:\/\/agnieszkakudela.pl\/en\/krzeselko-do-karmienia-ikea-antilop-vs-pegperego\/","url":"https:\/\/agnieszkakudela.pl\/en\/krzeselko-do-karmienia-ikea-antilop-vs-pegperego\/","name":"IKEA high chair vs. PegPerego | Layette - BLOG","isPartOf":{"@id":"https:\/\/agnieszkakudela.pl\/en\/#website"},"primaryImageOfPage":{"@id":"https:\/\/agnieszkakudela.pl\/en\/krzeselko-do-karmienia-ikea-antilop-vs-pegperego\/#primaryimage"},"image":{"@id":"https:\/\/agnieszkakudela.pl\/en\/krzeselko-do-karmienia-ikea-antilop-vs-pegperego\/#primaryimage"},"thumbnailUrl":"https:\/\/agnieszkakudela.pl\/wp-content\/uploads\/2015\/10\/Fotelik-do-karmienia-Peg-Perego-vs-IKEA.jpg","datePublished":"2015-11-01T07:05:30+00:00","dateModified":"2023-11-30T16:28:18+00:00","author":{"@id":"https:\/\/agnieszkakudela.pl\/en\/#\/schema\/person\/6bcb4455a2618219c96dcb211322581a"},"description":"Na Waszej wyprawkowej li\u015bcie jest zapewne krzese\u0142ko do karmienia. Na co zwr\u00f3ci\u0107 uwag\u0119 przy wyborze krzese\u0142ka do karmienia? Kt\u00f3re wybra\u0107?","breadcrumb":{"@id":"https:\/\/agnieszkakudela.pl\/en\/krzeselko-do-karmienia-ikea-antilop-vs-pegperego\/#breadcrumb"},"inLanguage":"en-US","potentialAction":[{"@type":"ReadAction","target":["https:\/\/agnieszkakudela.pl\/en\/krzeselko-do-karmienia-ikea-antilop-vs-pegperego\/"]}]},{"@type":"ImageObject","inLanguage":"en-US","@id":"https:\/\/agnieszkakudela.pl\/en\/krzeselko-do-karmienia-ikea-antilop-vs-pegperego\/#primaryimage","url":"https:\/\/agnieszkakudela.pl\/wp-content\/uploads\/2015\/10\/Fotelik-do-karmienia-Peg-Perego-vs-IKEA.jpg","contentUrl":"https:\/\/agnieszkakudela.pl\/wp-content\/uploads\/2015\/10\/Fotelik-do-karmienia-Peg-Perego-vs-IKEA.jpg","width":850,"height":500},{"@type":"BreadcrumbList","@id":"https:\/\/agnieszkakudela.pl\/en\/krzeselko-do-karmienia-ikea-antilop-vs-pegperego\/#breadcrumb","itemListElement":[{"@type":"ListItem","position":1,"name":"Strona g\u0142\u00f3wna","item":"https:\/\/agnieszkakudela.pl\/en\/"},{"@type":"ListItem","position":2,"name":"IKEA high chair vs. PegPerego | Layette"}]},{"@type":"WebSite","@id":"https:\/\/agnieszkakudela.pl\/en\/#website","url":"https:\/\/agnieszkakudela.pl\/en\/","name":"AgnieszkaKudela.pl","description":"Blog parentingowy i modowy, prowadzony przez Wedding Plannerk\u0119, Mam\u0119 2,5 letniego Miko\u0142aja, oczekuj\u0105c\u0105 kolejnego Maluszka.","potentialAction":[{"@type":"SearchAction","target":{"@type":"EntryPoint","urlTemplate":"https:\/\/agnieszkakudela.pl\/en\/?s={search_term_string}"},"query-input":{"@type":"PropertyValueSpecification","valueRequired":true,"valueName":"search_term_string"}}],"inLanguage":"en-US"},{"@type":"Person","@id":"https:\/\/agnieszkakudela.pl\/en\/#\/schema\/person\/6bcb4455a2618219c96dcb211322581a","name":"Agnieszka","image":{"@type":"ImageObject","inLanguage":"en-US","@id":"https:\/\/agnieszkakudela.pl\/en\/#\/schema\/person\/image\/","url":"https:\/\/secure.gravatar.com\/avatar\/273e276984ad85ab6128668c9b74de17ce7242096c56402401f29d5962fa11fa?s=96&d=identicon&r=g","contentUrl":"https:\/\/secure.gravatar.com\/avatar\/273e276984ad85ab6128668c9b74de17ce7242096c56402401f29d5962fa11fa?s=96&d=identicon&r=g","caption":"Agnieszka"},"description":"Wedding Plannerka Mama 3 letniego Miko\u0142aja i kilkumiesi\u0119cznego Maksa. Zakochana w \u017cyciu i swoim M\u0119\u017cu.","sameAs":["https:\/\/agnieszkakudela.pl\/","https:\/\/www.facebook.com\/AgnieszkaKudelaPL"],"url":"https:\/\/agnieszkakudela.pl\/en\/author\/spodkocyka\/"}]}},"_links":{"self":[{"href":"https:\/\/agnieszkakudela.pl\/en\/wp-json\/wp\/v2\/posts\/62022","targetHints":{"allow":["GET"]}}],"collection":[{"href":"https:\/\/agnieszkakudela.pl\/en\/wp-json\/wp\/v2\/posts"}],"about":[{"href":"https:\/\/agnieszkakudela.pl\/en\/wp-json\/wp\/v2\/types\/post"}],"author":[{"embeddable":true,"href":"https:\/\/agnieszkakudela.pl\/en\/wp-json\/wp\/v2\/users\/1"}],"replies":[{"embeddable":true,"href":"https:\/\/agnieszkakudela.pl\/en\/wp-json\/wp\/v2\/comments?post=62022"}],"version-history":[{"count":0,"href":"https:\/\/agnieszkakudela.pl\/en\/wp-json\/wp\/v2\/posts\/62022\/revisions"}],"wp:featuredmedia":[{"embeddable":true,"href":"https:\/\/agnieszkakudela.pl\/en\/wp-json\/wp\/v2\/media\/56248"}],"wp:attachment":[{"href":"https:\/\/agnieszkakudela.pl\/en\/wp-json\/wp\/v2\/media?parent=62022"}],"wp:term":[{"taxonomy":"category","embeddable":true,"href":"https:\/\/agnieszkakudela.pl\/en\/wp-json\/wp\/v2\/categories?post=62022"},{"taxonomy":"post_tag","embeddable":true,"href":"https:\/\/agnieszkakudela.pl\/en\/wp-json\/wp\/v2\/tags?post=62022"}],"curies":[{"name":"wp","href":"https:\/\/api.w.org\/{rel}","templated":true}]}}