{"id":62034,"date":"2018-08-10T19:45:26","date_gmt":"2018-08-10T17:45:26","guid":{"rendered":"https:\/\/dev.agnieszkakudela.pl\/jak-sie-ubrac-do-pracy\/"},"modified":"2023-11-30T17:40:43","modified_gmt":"2023-11-30T16:40:43","slug":"jak-sie-ubrac-do-pracy","status":"publish","type":"post","link":"https:\/\/agnieszkakudela.pl\/en\/jak-sie-ubrac-do-pracy\/","title":{"rendered":"How to dress for work? 5 tools"},"content":{"rendered":"<p>How to dress for work is wondered by every person starting their career on the labor market. And also every mother who ends her maternity leave and returns to work. Check what things cannot be missing in your wardrobe.<\/p>\n<p><!--more--><\/p>\n<p>If you work in a large company or corporation, there is a good chance that you have a dress code imposed. This restriction gives a sense of security &#8211; it is enough to follow the rules to look in line with the expectations of the Employer and (probably) Customers. The problem arises if you run your own business or the company you work for does not have any dress guidelines or they are too general, and you meet at work not only with colleagues, but also with clients and want to do well before everyone else. Okay, that is, present yourself as a professional, experienced and wise person, right?<\/p>\n<p>&nbsp;<\/p>\n<p>Here are 5 things that will help you create a professional business look.<\/p>\n<p>&nbsp;<\/p>\n<h3><strong>1. Classic black high heels<\/strong><\/h3>\n<p>Of course, with heels, but not higher than 8 cm (such may not necessarily evoke business associations) and one that will allow you to gracefully navigate the company&#8217;s corridors and city sidewalks. Such shoes are +10 to feminine chic. They fit everything, giving each styling a business look.<\/p>\n<p>&nbsp;<\/p>\n<p>I bought my last two pairs of black high heels at Bata and Ry\u0142ko, and I also appreciate shoes from the Kazar store. Business pins should be made of grain leather and should not have any eye-catching decorations.<\/p>\n<p><img loading=\"lazy\" decoding=\"async\" class=\"aligncenter size-full wp-image-17538\" src=\"https:\/\/agnieszkakudela.pl\/wp-content\/uploads\/2016\/08\/Buty.jpg\" sizes=\"auto, (max-width: 850px) 100vw, 850px\" srcset=\"https:\/\/agnieszkakudela.pl\/wp-content\/uploads\/2016\/08\/Buty.jpg 850w, https:\/\/agnieszkakudela.pl\/wp-content\/uploads\/2016\/08\/Buty-600x337.jpg 600w, https:\/\/agnieszkakudela.pl\/wp-content\/uploads\/2016\/08\/Buty-300x169.jpg 300w, https:\/\/agnieszkakudela.pl\/wp-content\/uploads\/2016\/08\/Buty-768x432.jpg 768w\" alt=\"Shoes\" width=\"850\" height=\"478\" \/><\/p>\n<p class=\"gt-block\">Shoes to buy here:\u00a0<a href=\"http:\/\/bit.ly\/2aFVGl5\">1<\/a>\u00a0|\u00a0<a href=\"https:\/\/www.zalando.pl\/michael-michael-kors-flex-szpilki-mk111b02x-q11.html\">2<\/a>\u00a0|\u00a0<a href=\"http:\/\/bit.ly\/2aUW6Dn\">3<\/a>\u00a0|\u00a0<a href=\"http:\/\/bit.ly\/2b7iyNT\">4<\/a>\u00a0|\u00a0<a href=\"http:\/\/bit.ly\/2aF4KEy\">5<\/a><\/p>\n<p>&nbsp;<\/p>\n<p>&nbsp;<\/p>\n<h3><strong>2. a white shirt<\/strong><\/h3>\n<p>The perfect complement to any wardrobe. The more classic the cut, the better. The indoor buttons add elegance, but this is not necessary. I like how the shirt is made of a slightly thicker fabric, thanks to which it fits better and is not so translucent.<\/p>\n<p>&nbsp;<\/p>\n<p>It is good that it gently emphasizes the waist and is long enough that it does not come out stuck in a skirt or pants. By choosing a white shirt at 100% you will gain a professional image. If you have a loose dress code in your work, unzip a few buttons, roll up your sleeves and combine it with jeans and black high heels that are perfect for your figure. If the jeans do not pass, choose cigarillos or a fitted skirt.<\/p>\n<p>&nbsp;<\/p>\n<p>Is the shirt in the body version a good solution? Yes, but not always. Unfortunately, under very tight pants or skirts it can impress a lot, while under skirts made of circles or even more on the body, but made of thicker fabrics with structure, I really like to wear them.<\/p>\n<p>&nbsp;<\/p>\n<p><img loading=\"lazy\" decoding=\"async\" class=\"aligncenter size-full wp-image-17551\" src=\"https:\/\/agnieszkakudela.pl\/wp-content\/uploads\/2016\/08\/Koszula.jpg\" sizes=\"auto, (max-width: 850px) 100vw, 850px\" srcset=\"https:\/\/agnieszkakudela.pl\/wp-content\/uploads\/2016\/08\/Koszula.jpg 850w, https:\/\/agnieszkakudela.pl\/wp-content\/uploads\/2016\/08\/Koszula-600x376.jpg 600w, https:\/\/agnieszkakudela.pl\/wp-content\/uploads\/2016\/08\/Koszula-300x188.jpg 300w, https:\/\/agnieszkakudela.pl\/wp-content\/uploads\/2016\/08\/Koszula-768x481.jpg 768w\" alt=\"white shirt fashion blog\" width=\"850\" height=\"532\" \/><\/p>\n<p class=\"gt-block\">Shirts to buy here:\u00a0<a href=\"http:\/\/bit.ly\/2b3PiHo\">1<\/a>\u00a0|\u00a0<a href=\"http:\/\/www.promod.pl\/kobiety\/koszule-i-tuniki\/koszule\/koszula-damska-bialy-R5260050020.html#\">2<\/a>\u00a0|\u00a0<a href=\"http:\/\/bit.ly\/2aWijkv\">3<\/a>\u00a0|\u00a0<a href=\"http:\/\/bit.ly\/2aAvZ3p\">4<\/a>\u00a0|\u00a0<a href=\"http:\/\/bit.ly\/2aWiBHO\">5<\/a>\u00a0|\u00a0<a href=\"http:\/\/bit.ly\/2aWjdgJ\">6<\/a>\u00a0|\u00a0<a href=\"http:\/\/bit.ly\/2aHgpWx\">7<\/a>\u00a0|\u00a0<a href=\"http:\/\/bit.ly\/2b3PiHo\">8<\/a>\u00a0|\u00a0<a href=\"http:\/\/bit.ly\/2aV8VyV\">9<\/a>\u00a0|\u00a0<a href=\"http:\/\/www.zara.com\/pl\/pl\/kobieta\/koszule\/koszule\/koszula-z-popeliny-z-kolekcji-basic-c498002p3892035.html\">10<\/a><\/p>\n<p>&nbsp;<\/p>\n<p>&nbsp;<\/p>\n<h3>3. Nude underwear<\/h3>\n<p class=\"gt-block\">Nothing looks worse in a business style than sheer lingerie, and this one\u00a0<strong>white is most visible under white things<\/strong>. Therefore, in your wardrobe you need to have flesh-colored underwear with the least amount of seams, which will not be distinguished by the color or texture or lace under the white shirt or blouse, or the seams under the skirt or pants.<\/p>\n<p>&nbsp;<\/p>\n<p>The best fitting, nude and smooth bras can be bought from brands such as Panache, Freya or Wonderbra, for the lower part of the underwear go to Oysho or Intimissimi &#8211; you will be delighted with the quality of ordinary panties.<\/p>\n<p>&nbsp;<\/p>\n<p>And most importantly &#8211; you must have a bra that fits perfectly, it&#8217;s best to put yourself in the hands of an experienced brafitter, but I will also prepare a small manual on the subject for you.<\/p>\n<p><img loading=\"lazy\" decoding=\"async\" class=\"aligncenter size-full wp-image-17540\" src=\"https:\/\/agnieszkakudela.pl\/wp-content\/uploads\/2016\/08\/Freya.jpg\" sizes=\"auto, (max-width: 850px) 100vw, 850px\" srcset=\"https:\/\/agnieszkakudela.pl\/wp-content\/uploads\/2016\/08\/Freya.jpg 850w, https:\/\/agnieszkakudela.pl\/wp-content\/uploads\/2016\/08\/Freya-600x337.jpg 600w, https:\/\/agnieszkakudela.pl\/wp-content\/uploads\/2016\/08\/Freya-300x169.jpg 300w, https:\/\/agnieszkakudela.pl\/wp-content\/uploads\/2016\/08\/Freya-768x432.jpg 768w\" alt=\"flesh-colored underwear\" width=\"850\" height=\"478\" \/><\/p>\n<p class=\"gt-block\">Underwear for sale:\u00a0<a href=\"http:\/\/christelle.pl\/freya-deco-nude-plunge-p-565.html\">I 1 2<\/a>\u00a0|\u00a0<a href=\"http:\/\/christelle.pl\/freya-deco-strapless-nude-p-1790.html\">I 3 4<\/a>\u00a0|\u00a0<a href=\"http:\/\/www.oysho.com\/pl\/bezszwowe-stringi-basic\/bezszwowe-stringi-basic-c0p100572041.html?search-term=bezszwowe\">5<\/a>\u00a0|\u00a0<a href=\"http:\/\/www.oysho.com\/pl\/bezszwowe-stringi\/bezszwowe-stringi-c0p100572045.html?search-term=bezszwowe\">6<\/a>\u00a0|\u00a0<a href=\"http:\/\/www.oysho.com\/pl\/bezszwowe-figi-typu-hipster\/bezszwowe-figi-typu-hipster-c0p100572035.html?search-term=bezszwowe\">7<\/a>\u00a0|\u00a0<a href=\"http:\/\/www.oysho.com\/pl\/bezszwowe-figi-brazylijskie-hipster\/bezszwowe-figi-brazylijskie-hipster-c0p100572038.html?search-term=bezszwowe\">8<\/a><\/p>\n<h3><\/h3>\n<p>&nbsp;<\/p>\n<h3><strong>4. A classic handbag<\/strong><\/h3>\n<p>In neutral beige, gray or classic black, it will be an ideal and timeless solution, as well as a great investment in your own wardrobe. It should be leather and very good quality, but if your budget does not allow for such expenses today, ZARA usually offers high-quality classic models at a price of up to PLN 200.<\/p>\n<p><img loading=\"lazy\" decoding=\"async\" class=\"aligncenter size-full wp-image-17536\" src=\"https:\/\/agnieszkakudela.pl\/wp-content\/uploads\/2016\/08\/Torebka.jpg\" sizes=\"auto, (max-width: 850px) 100vw, 850px\" srcset=\"https:\/\/agnieszkakudela.pl\/wp-content\/uploads\/2016\/08\/Torebka.jpg 850w, https:\/\/agnieszkakudela.pl\/wp-content\/uploads\/2016\/08\/Torebka-600x337.jpg 600w, https:\/\/agnieszkakudela.pl\/wp-content\/uploads\/2016\/08\/Torebka-300x169.jpg 300w, https:\/\/agnieszkakudela.pl\/wp-content\/uploads\/2016\/08\/Torebka-768x432.jpg 768w\" alt=\"Business look dress code purse\" width=\"850\" height=\"478\" \/><\/p>\n<p class=\"gt-block\">Eco-leather bags to buy here:\u00a0<a href=\"http:\/\/www.zara.com\/pl\/pl\/kobieta\/torby\/zobacz-wi%C4%99cej-c734144.html\">1 | 2 | 3 | 4 | 5 | 6 | 7<\/a><\/p>\n<p class=\"gt-block\"><img loading=\"lazy\" decoding=\"async\" class=\"aligncenter size-full wp-image-17537\" src=\"https:\/\/agnieszkakudela.pl\/wp-content\/uploads\/2016\/08\/Torebki.jpg\" sizes=\"auto, (max-width: 850px) 100vw, 850px\" srcset=\"https:\/\/agnieszkakudela.pl\/wp-content\/uploads\/2016\/08\/Torebki.jpg 850w, https:\/\/agnieszkakudela.pl\/wp-content\/uploads\/2016\/08\/Torebki-600x337.jpg 600w, https:\/\/agnieszkakudela.pl\/wp-content\/uploads\/2016\/08\/Torebki-300x169.jpg 300w, https:\/\/agnieszkakudela.pl\/wp-content\/uploads\/2016\/08\/Torebki-768x432.jpg 768w\" alt=\"the best purse to work\" width=\"850\" height=\"478\" \/>Leather bags to buy here:\u00a0\u00a0<a href=\"http:\/\/bit.ly\/2b2MMBA\">1<\/a>\u00a0|\u00a0<a href=\"http:\/\/bit.ly\/2aUUAAW\">2<\/a>\u00a0|\u00a0<a href=\"https:\/\/www.zalando.pl\/michael-michael-kors-torebka-bezowy-mk151a02x-j11.html\">3<\/a>\u00a0|\u00a0<a href=\"http:\/\/bit.ly\/2aFZ57t\">4<\/a>\u00a0|\u00a0<a href=\"http:\/\/bit.ly\/2b7p6sT\">5<\/a>\u00a0|\u00a0<a href=\"http:\/\/bit.ly\/2aGedi2\">6<\/a>\u00a0|\u00a0<a href=\"http:\/\/bit.ly\/2aU7IYE\">7<\/a>\u00a0|\u00a0<a href=\"http:\/\/bit.ly\/2b7pLdN\">8<\/a><\/p>\n<p>&nbsp;<\/p>\n<p>&nbsp;<\/p>\n<h3><strong>5. ele<\/strong><strong>ganc watch<\/strong><\/h3>\n<p>First of all, it will allow us to watch over the passing of time perfectly, it will complete the professional image. When we look at the phone at the meeting to make time, we never look professional and you never know if we&#8217;re checking Facebook. I would choose a simple, elegant, timeless form. It is safest to bet on the watch in the color of the jewelry that you wear most often, and the metal bracelet will give us years of use. A leather strap can be just as elegant, but it will need to be replaced sooner. Be careful of a gold watch, not everyone looks good in very business situations.<\/p>\n<p>&nbsp;<\/p>\n<p><img loading=\"lazy\" decoding=\"async\" class=\"aligncenter size-full wp-image-17542\" src=\"https:\/\/agnieszkakudela.pl\/wp-content\/uploads\/2016\/08\/Zegarki.jpg\" sizes=\"auto, (max-width: 850px) 100vw, 850px\" srcset=\"https:\/\/agnieszkakudela.pl\/wp-content\/uploads\/2016\/08\/Zegarki.jpg 850w, https:\/\/agnieszkakudela.pl\/wp-content\/uploads\/2016\/08\/Zegarki-300x300.jpg 300w, https:\/\/agnieszkakudela.pl\/wp-content\/uploads\/2016\/08\/Zegarki-600x600.jpg 600w, https:\/\/agnieszkakudela.pl\/wp-content\/uploads\/2016\/08\/Zegarki-150x150.jpg 150w, https:\/\/agnieszkakudela.pl\/wp-content\/uploads\/2016\/08\/Zegarki-768x768.jpg 768w\" alt=\"capsule wardrobe watch\" width=\"850\" height=\"850\" \/><\/p>\n<p class=\"gt-block\" style=\"text-align: center;\">Watches to buy here:\u00a0<a href=\"http:\/\/bit.ly\/2aLBOyv\">1<\/a>\u00a0|\u00a0<a href=\"http:\/\/bit.ly\/2aGabsP\">2<\/a>\u00a0|\u00a0<a href=\"http:\/\/bit.ly\/2aUjdzB\">3<\/a>\u00a0|\u00a0<a href=\"http:\/\/www.apart.pl\/zegarki\/Elixa\/elixa-ceramica\/4290\">4<\/a>\u00a0|\u00a0<a href=\"http:\/\/touspolska.pl\/zegarki\/damskie\/zegarek-tous-boheme-mesh-300350615\">5<\/a>\u00a0|\u00a0<a href=\"http:\/\/bit.ly\/2aFdOcw\">6<\/a>\u00a0|\u00a0<a href=\"http:\/\/www.apart.pl\/zegarki\/Elixa\/elixa-finesse\/2737\">7<\/a>\u00a0|\u00a0<a href=\"http:\/\/bit.ly\/2aVbBuX\">8<\/a>\u00a0|\u00a0<a href=\"http:\/\/www.apart.pl\/zegarki\/Elixa\/elixa-beauty\/4834\">9<\/a>\u00a0|\u00a0<a href=\"http:\/\/zegarkicentrum.pl\/pl\/p\/Festina-Mademoiselle-F169581\/49709\">10<\/a>\u00a0|\u00a0<a href=\"http:\/\/touspolska.pl\/zegarek-tous-b-face-500350310\">11<\/a>\u00a0|\u00a0<a href=\"http:\/\/zegarownia.pl\/zegarek-damski-timex-women-s-everyday-dress-t2p167\">12<\/a><\/p>\n<p>&nbsp;<\/p>\n<p>&nbsp;<\/p>\n<h3><strong>I&#8217;m curious what is the most missing in your wardrobe? And what would you add to my wardrobe must-have list?<\/strong><\/h3>\n","protected":false},"excerpt":{"rendered":"<p>How to dress for work is wondered by every person starting their career on the labor market. And also every mother who ends her maternity leave and returns to work. Check what things cannot be missing in your wardrobe.<\/p>\n","protected":false},"author":1,"featured_media":58940,"comment_status":"open","ping_status":"closed","sticky":false,"template":"","format":"standard","meta":{"footnotes":""},"categories":[787,804],"tags":[874,916,881,882,908,842],"class_list":["post-62034","post","type-post","status-publish","format-standard","has-post-thumbnail","hentry","category-fashion","category-wedding-planner-en","tag-capsule-wardrobe","tag-fashion-en","tag-how-to-dress","tag-how-to-dress-for-work","tag-mother-goes-back-to-work","tag-shopping"],"yoast_head":"<!-- This site is optimized with the Yoast SEO plugin v26.5 - https:\/\/yoast.com\/wordpress\/plugins\/seo\/ -->\n<title>How to dress for work? 5 tools - BLOG<\/title>\n<meta name=\"description\" content=\"Czytaj wi\u0119cej na blogu Agnieszki w temacie How to dress for work? 5 tools Zapraszam! :)\" \/>\n<meta name=\"robots\" content=\"index, follow, max-snippet:-1, max-image-preview:large, max-video-preview:-1\" \/>\n<meta property=\"og:locale\" content=\"en_US\" \/>\n<meta property=\"og:type\" content=\"article\" \/>\n<meta property=\"og:title\" content=\"How to dress for work? 5 tools - BLOG\" \/>\n<meta property=\"og:description\" content=\"Czytaj wi\u0119cej na blogu Agnieszki w temacie How to dress for work? 5 tools Zapraszam! :)\" \/>\n<meta property=\"og:url\" content=\"https:\/\/agnieszkakudela.pl\/en\/jak-sie-ubrac-do-pracy\/\" \/>\n<meta property=\"og:site_name\" content=\"AgnieszkaKudela.pl\" \/>\n<meta property=\"article:author\" content=\"https:\/\/www.facebook.com\/AgnieszkaKudelaPL\" \/>\n<meta property=\"article:published_time\" content=\"2018-08-10T17:45:26+00:00\" \/>\n<meta property=\"article:modified_time\" content=\"2023-11-30T16:40:43+00:00\" \/>\n<meta property=\"og:image\" content=\"https:\/\/agnieszkakudela.pl\/wp-content\/uploads\/2016\/08\/Jak-sie-ubrac-do-pracy-AgnieszkaKudela_pl.jpg\" \/>\n\t<meta property=\"og:image:width\" content=\"1800\" \/>\n\t<meta property=\"og:image:height\" content=\"1059\" \/>\n\t<meta property=\"og:image:type\" content=\"image\/jpeg\" \/>\n<meta name=\"author\" content=\"Agnieszka\" \/>\n<meta name=\"twitter:card\" content=\"summary_large_image\" \/>\n<meta name=\"twitter:label1\" content=\"Written by\" \/>\n\t<meta name=\"twitter:data1\" content=\"Agnieszka\" \/>\n\t<meta name=\"twitter:label2\" content=\"Est. reading time\" \/>\n\t<meta name=\"twitter:data2\" content=\"4 minutes\" \/>\n<script type=\"application\/ld+json\" class=\"yoast-schema-graph\">{\"@context\":\"https:\/\/schema.org\",\"@graph\":[{\"@type\":\"WebPage\",\"@id\":\"https:\/\/agnieszkakudela.pl\/en\/jak-sie-ubrac-do-pracy\/\",\"url\":\"https:\/\/agnieszkakudela.pl\/en\/jak-sie-ubrac-do-pracy\/\",\"name\":\"How to dress for work? 5 tools - BLOG\",\"isPartOf\":{\"@id\":\"https:\/\/agnieszkakudela.pl\/en\/#website\"},\"primaryImageOfPage\":{\"@id\":\"https:\/\/agnieszkakudela.pl\/en\/jak-sie-ubrac-do-pracy\/#primaryimage\"},\"image\":{\"@id\":\"https:\/\/agnieszkakudela.pl\/en\/jak-sie-ubrac-do-pracy\/#primaryimage\"},\"thumbnailUrl\":\"https:\/\/agnieszkakudela.pl\/wp-content\/uploads\/2016\/08\/Jak-sie-ubrac-do-pracy-AgnieszkaKudela_pl.jpg\",\"datePublished\":\"2018-08-10T17:45:26+00:00\",\"dateModified\":\"2023-11-30T16:40:43+00:00\",\"author\":{\"@id\":\"https:\/\/agnieszkakudela.pl\/en\/#\/schema\/person\/6bcb4455a2618219c96dcb211322581a\"},\"description\":\"Czytaj wi\u0119cej na blogu Agnieszki w temacie How to dress for work? 5 tools Zapraszam! :)\",\"breadcrumb\":{\"@id\":\"https:\/\/agnieszkakudela.pl\/en\/jak-sie-ubrac-do-pracy\/#breadcrumb\"},\"inLanguage\":\"en-US\",\"potentialAction\":[{\"@type\":\"ReadAction\",\"target\":[\"https:\/\/agnieszkakudela.pl\/en\/jak-sie-ubrac-do-pracy\/\"]}]},{\"@type\":\"ImageObject\",\"inLanguage\":\"en-US\",\"@id\":\"https:\/\/agnieszkakudela.pl\/en\/jak-sie-ubrac-do-pracy\/#primaryimage\",\"url\":\"https:\/\/agnieszkakudela.pl\/wp-content\/uploads\/2016\/08\/Jak-sie-ubrac-do-pracy-AgnieszkaKudela_pl.jpg\",\"contentUrl\":\"https:\/\/agnieszkakudela.pl\/wp-content\/uploads\/2016\/08\/Jak-sie-ubrac-do-pracy-AgnieszkaKudela_pl.jpg\",\"width\":1800,\"height\":1059},{\"@type\":\"BreadcrumbList\",\"@id\":\"https:\/\/agnieszkakudela.pl\/en\/jak-sie-ubrac-do-pracy\/#breadcrumb\",\"itemListElement\":[{\"@type\":\"ListItem\",\"position\":1,\"name\":\"Strona g\u0142\u00f3wna\",\"item\":\"https:\/\/agnieszkakudela.pl\/en\/\"},{\"@type\":\"ListItem\",\"position\":2,\"name\":\"How to dress for work? 5 tools\"}]},{\"@type\":\"WebSite\",\"@id\":\"https:\/\/agnieszkakudela.pl\/en\/#website\",\"url\":\"https:\/\/agnieszkakudela.pl\/en\/\",\"name\":\"AgnieszkaKudela.pl\",\"description\":\"Blog parentingowy i modowy, prowadzony przez Wedding Plannerk\u0119, Mam\u0119 2,5 letniego Miko\u0142aja, oczekuj\u0105c\u0105 kolejnego Maluszka.\",\"potentialAction\":[{\"@type\":\"SearchAction\",\"target\":{\"@type\":\"EntryPoint\",\"urlTemplate\":\"https:\/\/agnieszkakudela.pl\/en\/?s={search_term_string}\"},\"query-input\":{\"@type\":\"PropertyValueSpecification\",\"valueRequired\":true,\"valueName\":\"search_term_string\"}}],\"inLanguage\":\"en-US\"},{\"@type\":\"Person\",\"@id\":\"https:\/\/agnieszkakudela.pl\/en\/#\/schema\/person\/6bcb4455a2618219c96dcb211322581a\",\"name\":\"Agnieszka\",\"image\":{\"@type\":\"ImageObject\",\"inLanguage\":\"en-US\",\"@id\":\"https:\/\/agnieszkakudela.pl\/en\/#\/schema\/person\/image\/\",\"url\":\"https:\/\/secure.gravatar.com\/avatar\/273e276984ad85ab6128668c9b74de17ce7242096c56402401f29d5962fa11fa?s=96&d=identicon&r=g\",\"contentUrl\":\"https:\/\/secure.gravatar.com\/avatar\/273e276984ad85ab6128668c9b74de17ce7242096c56402401f29d5962fa11fa?s=96&d=identicon&r=g\",\"caption\":\"Agnieszka\"},\"description\":\"Wedding Plannerka Mama 3 letniego Miko\u0142aja i kilkumiesi\u0119cznego Maksa. Zakochana w \u017cyciu i swoim M\u0119\u017cu.\",\"sameAs\":[\"https:\/\/agnieszkakudela.pl\/\",\"https:\/\/www.facebook.com\/AgnieszkaKudelaPL\"],\"url\":\"https:\/\/agnieszkakudela.pl\/en\/author\/spodkocyka\/\"}]}<\/script>\n<!-- \/ Yoast SEO plugin. -->","yoast_head_json":{"title":"How to dress for work? 5 tools - BLOG","description":"Czytaj wi\u0119cej na blogu Agnieszki w temacie How to dress for work? 5 tools Zapraszam! :)","robots":{"index":"index","follow":"follow","max-snippet":"max-snippet:-1","max-image-preview":"max-image-preview:large","max-video-preview":"max-video-preview:-1"},"og_locale":"en_US","og_type":"article","og_title":"How to dress for work? 5 tools - BLOG","og_description":"Czytaj wi\u0119cej na blogu Agnieszki w temacie How to dress for work? 5 tools Zapraszam! :)","og_url":"https:\/\/agnieszkakudela.pl\/en\/jak-sie-ubrac-do-pracy\/","og_site_name":"AgnieszkaKudela.pl","article_author":"https:\/\/www.facebook.com\/AgnieszkaKudelaPL","article_published_time":"2018-08-10T17:45:26+00:00","article_modified_time":"2023-11-30T16:40:43+00:00","og_image":[{"width":1800,"height":1059,"url":"https:\/\/agnieszkakudela.pl\/wp-content\/uploads\/2016\/08\/Jak-sie-ubrac-do-pracy-AgnieszkaKudela_pl.jpg","type":"image\/jpeg"}],"author":"Agnieszka","twitter_card":"summary_large_image","twitter_misc":{"Written by":"Agnieszka","Est. reading time":"4 minutes"},"schema":{"@context":"https:\/\/schema.org","@graph":[{"@type":"WebPage","@id":"https:\/\/agnieszkakudela.pl\/en\/jak-sie-ubrac-do-pracy\/","url":"https:\/\/agnieszkakudela.pl\/en\/jak-sie-ubrac-do-pracy\/","name":"How to dress for work? 5 tools - BLOG","isPartOf":{"@id":"https:\/\/agnieszkakudela.pl\/en\/#website"},"primaryImageOfPage":{"@id":"https:\/\/agnieszkakudela.pl\/en\/jak-sie-ubrac-do-pracy\/#primaryimage"},"image":{"@id":"https:\/\/agnieszkakudela.pl\/en\/jak-sie-ubrac-do-pracy\/#primaryimage"},"thumbnailUrl":"https:\/\/agnieszkakudela.pl\/wp-content\/uploads\/2016\/08\/Jak-sie-ubrac-do-pracy-AgnieszkaKudela_pl.jpg","datePublished":"2018-08-10T17:45:26+00:00","dateModified":"2023-11-30T16:40:43+00:00","author":{"@id":"https:\/\/agnieszkakudela.pl\/en\/#\/schema\/person\/6bcb4455a2618219c96dcb211322581a"},"description":"Czytaj wi\u0119cej na blogu Agnieszki w temacie How to dress for work? 5 tools Zapraszam! :)","breadcrumb":{"@id":"https:\/\/agnieszkakudela.pl\/en\/jak-sie-ubrac-do-pracy\/#breadcrumb"},"inLanguage":"en-US","potentialAction":[{"@type":"ReadAction","target":["https:\/\/agnieszkakudela.pl\/en\/jak-sie-ubrac-do-pracy\/"]}]},{"@type":"ImageObject","inLanguage":"en-US","@id":"https:\/\/agnieszkakudela.pl\/en\/jak-sie-ubrac-do-pracy\/#primaryimage","url":"https:\/\/agnieszkakudela.pl\/wp-content\/uploads\/2016\/08\/Jak-sie-ubrac-do-pracy-AgnieszkaKudela_pl.jpg","contentUrl":"https:\/\/agnieszkakudela.pl\/wp-content\/uploads\/2016\/08\/Jak-sie-ubrac-do-pracy-AgnieszkaKudela_pl.jpg","width":1800,"height":1059},{"@type":"BreadcrumbList","@id":"https:\/\/agnieszkakudela.pl\/en\/jak-sie-ubrac-do-pracy\/#breadcrumb","itemListElement":[{"@type":"ListItem","position":1,"name":"Strona g\u0142\u00f3wna","item":"https:\/\/agnieszkakudela.pl\/en\/"},{"@type":"ListItem","position":2,"name":"How to dress for work? 5 tools"}]},{"@type":"WebSite","@id":"https:\/\/agnieszkakudela.pl\/en\/#website","url":"https:\/\/agnieszkakudela.pl\/en\/","name":"AgnieszkaKudela.pl","description":"Blog parentingowy i modowy, prowadzony przez Wedding Plannerk\u0119, Mam\u0119 2,5 letniego Miko\u0142aja, oczekuj\u0105c\u0105 kolejnego Maluszka.","potentialAction":[{"@type":"SearchAction","target":{"@type":"EntryPoint","urlTemplate":"https:\/\/agnieszkakudela.pl\/en\/?s={search_term_string}"},"query-input":{"@type":"PropertyValueSpecification","valueRequired":true,"valueName":"search_term_string"}}],"inLanguage":"en-US"},{"@type":"Person","@id":"https:\/\/agnieszkakudela.pl\/en\/#\/schema\/person\/6bcb4455a2618219c96dcb211322581a","name":"Agnieszka","image":{"@type":"ImageObject","inLanguage":"en-US","@id":"https:\/\/agnieszkakudela.pl\/en\/#\/schema\/person\/image\/","url":"https:\/\/secure.gravatar.com\/avatar\/273e276984ad85ab6128668c9b74de17ce7242096c56402401f29d5962fa11fa?s=96&d=identicon&r=g","contentUrl":"https:\/\/secure.gravatar.com\/avatar\/273e276984ad85ab6128668c9b74de17ce7242096c56402401f29d5962fa11fa?s=96&d=identicon&r=g","caption":"Agnieszka"},"description":"Wedding Plannerka Mama 3 letniego Miko\u0142aja i kilkumiesi\u0119cznego Maksa. Zakochana w \u017cyciu i swoim M\u0119\u017cu.","sameAs":["https:\/\/agnieszkakudela.pl\/","https:\/\/www.facebook.com\/AgnieszkaKudelaPL"],"url":"https:\/\/agnieszkakudela.pl\/en\/author\/spodkocyka\/"}]}},"_links":{"self":[{"href":"https:\/\/agnieszkakudela.pl\/en\/wp-json\/wp\/v2\/posts\/62034","targetHints":{"allow":["GET"]}}],"collection":[{"href":"https:\/\/agnieszkakudela.pl\/en\/wp-json\/wp\/v2\/posts"}],"about":[{"href":"https:\/\/agnieszkakudela.pl\/en\/wp-json\/wp\/v2\/types\/post"}],"author":[{"embeddable":true,"href":"https:\/\/agnieszkakudela.pl\/en\/wp-json\/wp\/v2\/users\/1"}],"replies":[{"embeddable":true,"href":"https:\/\/agnieszkakudela.pl\/en\/wp-json\/wp\/v2\/comments?post=62034"}],"version-history":[{"count":0,"href":"https:\/\/agnieszkakudela.pl\/en\/wp-json\/wp\/v2\/posts\/62034\/revisions"}],"wp:featuredmedia":[{"embeddable":true,"href":"https:\/\/agnieszkakudela.pl\/en\/wp-json\/wp\/v2\/media\/58940"}],"wp:attachment":[{"href":"https:\/\/agnieszkakudela.pl\/en\/wp-json\/wp\/v2\/media?parent=62034"}],"wp:term":[{"taxonomy":"category","embeddable":true,"href":"https:\/\/agnieszkakudela.pl\/en\/wp-json\/wp\/v2\/categories?post=62034"},{"taxonomy":"post_tag","embeddable":true,"href":"https:\/\/agnieszkakudela.pl\/en\/wp-json\/wp\/v2\/tags?post=62034"}],"curies":[{"name":"wp","href":"https:\/\/api.w.org\/{rel}","templated":true}]}}