{"id":62042,"date":"2013-11-08T22:05:00","date_gmt":"2013-11-08T21:05:00","guid":{"rendered":"https:\/\/dev.agnieszkakudela.pl\/ida-swieta-mam-dla-was-cudowne-rozdanie\/"},"modified":"2023-11-30T17:48:30","modified_gmt":"2023-11-30T16:48:30","slug":"ida-swieta-mam-dla-was-cudowne-rozdanie","status":"publish","type":"post","link":"https:\/\/agnieszkakudela.pl\/en\/ida-swieta-mam-dla-was-cudowne-rozdanie\/","title":{"rendered":"Christmas is coming &#8211; I have a wonderful deal for you"},"content":{"rendered":"<p>I love my blog &#8211; and it&#8217;s all thanks to you.<\/p>\n<p class=\"gt-block\">Holidays are coming, so when I was thinking about the presents I will put under the tree, I couldn&#8217;t forget about you. That is why I prepared this handout with a unique Christmas gift, which I dreamed about last year. What&#8217;s this?<\/p>\n<p><!--more--><\/p>\n<p>In the photo, mine, for you, I have the same, still packed in a box, and the first cassette of 10 cartridges for it, so that you can immediately enjoy this fantastic fun &#8211; and above all to capture your smiling face\u00a0<img decoding=\"async\" class=\"emoji\" role=\"img\" draggable=\"false\" src=\"https:\/\/s.w.org\/images\/core\/emoji\/14.0.0\/svg\/1f642.svg\" alt=\"\" \/><\/p>\n<p>I take the Polaroid with me to most meetings with friends and family, less than a month ago, he was also at our wedding, where it was always great &#8211; on the same day we could enjoy an album full of photos (we had to wait a bit longer for those from the photographer) .<\/p>\n<p class=\"gt-block\">I love Polaroid for having no repetitions. For the fact that each photo is unique and unique, made with the utmost care, in the end there is only one. Like a treasure.<br \/>\nIt perfectly captures emotions, you can take notes on it. The photos fit perfectly in the wallet &#8211; they are the size of a credit card. I love giving them to my friends. My mother always has a few with her. My friends too. I thought about all of this when I was choosing a Christmas gift for you. I&#8217;m sure you will like it.<\/p>\n<p class=\"gt-block\"><b><u>And now the most important &#8211; how can you participate in the hand?<\/u><\/b><\/p>\n<p>You can take part in the hand via fb and \/ or blog (if you take part in the contest via both blog and fb &#8211; you will double your chances of winning).<\/p>\n<p class=\"gt-block\"><b><u>If you want to take part in the hand via facebook:<\/u><\/b><br \/>\n1. like my profile\u00a0<a href=\"https:\/\/www.facebook.com\/SpodKocyka\" target=\"_blank\" rel=\"noopener\">From under the blanket<\/a><br \/>\n2. share\u00a0<a href=\"https:\/\/www.facebook.com\/photo.php?fbid=684309851587795&amp;set=a.441698915848891.117086.441678389184277&amp;type=1&amp;theater\" target=\"_blank\" rel=\"noopener\">competition graphics<\/a>\u00a0on your facebook profile<br \/>\n3. Leave a comment under this post with information that you are taking part in the competition using fb along with a link to your profile<\/p>\n<p class=\"gt-block\"><b><u>If you want to take part in the competition using your blog:<\/u><\/b><br \/>\n1.Place a banner with a photo and a link to my blog www.spodkocyka.pl on your blog<br \/>\n2. add my blog to\u00a0<a href=\"http:\/\/www.bloglovin.com\/en\/blog\/6728055\" target=\"_blank\" rel=\"noopener\">bloglovin\u00a0<\/a>and watched (right column on my blog &#8211; bottom) if you want to visit me again<br \/>\n3. Leave a comment below this post with information that you are taking part in the competition using your blog and with a link to it<\/p>\n<p>I will accept your applications until 10 December 2013, so that the gift will arrive in time for your Christmas tree.<\/p>\n","protected":false},"excerpt":{"rendered":"<p>I love my blog &#8211; and it&#8217;s all thanks to you. Holidays are coming, so when I was thinking about the presents I will put under the tree, I couldn&#8217;t forget about you. That is why I prepared this handout with a unique Christmas gift,&#8230;<\/p>\n","protected":false},"author":1,"featured_media":55455,"comment_status":"open","ping_status":"open","sticky":false,"template":"","format":"standard","meta":{"footnotes":""},"categories":[776],"tags":[893],"class_list":["post-62042","post","type-post","status-publish","format-standard","has-post-thumbnail","hentry","category-lifestyle-en","tag-contest"],"yoast_head":"<!-- This site is optimized with the Yoast SEO plugin v26.5 - https:\/\/yoast.com\/wordpress\/plugins\/seo\/ -->\n<title>Christmas is coming - I have a wonderful deal for you - BLOG<\/title>\n<meta name=\"description\" content=\"Czytaj wi\u0119cej na blogu Agnieszki w temacie Christmas is coming - I have a wonderful deal for you Zapraszam! :)\" \/>\n<meta name=\"robots\" content=\"index, follow, max-snippet:-1, max-image-preview:large, max-video-preview:-1\" \/>\n<meta property=\"og:locale\" content=\"en_US\" \/>\n<meta property=\"og:type\" content=\"article\" \/>\n<meta property=\"og:title\" content=\"Christmas is coming - I have a wonderful deal for you - BLOG\" \/>\n<meta property=\"og:description\" content=\"Czytaj wi\u0119cej na blogu Agnieszki w temacie Christmas is coming - I have a wonderful deal for you Zapraszam! :)\" \/>\n<meta property=\"og:url\" content=\"https:\/\/agnieszkakudela.pl\/en\/ida-swieta-mam-dla-was-cudowne-rozdanie\/\" \/>\n<meta property=\"og:site_name\" content=\"AgnieszkaKudela.pl\" \/>\n<meta property=\"article:author\" content=\"https:\/\/www.facebook.com\/AgnieszkaKudelaPL\" \/>\n<meta property=\"article:published_time\" content=\"2013-11-08T21:05:00+00:00\" \/>\n<meta property=\"article:modified_time\" content=\"2023-11-30T16:48:30+00:00\" \/>\n<meta property=\"og:image\" content=\"https:\/\/agnieszkakudela.pl\/wp-content\/uploads\/2013\/11\/spod-kocyka-rozdaje-polaroid.jpg\" \/>\n\t<meta property=\"og:image:width\" content=\"850\" \/>\n\t<meta property=\"og:image:height\" content=\"437\" \/>\n\t<meta property=\"og:image:type\" content=\"image\/jpeg\" \/>\n<meta name=\"author\" content=\"Agnieszka\" \/>\n<meta name=\"twitter:card\" content=\"summary_large_image\" \/>\n<meta name=\"twitter:label1\" content=\"Written by\" \/>\n\t<meta name=\"twitter:data1\" content=\"Agnieszka\" \/>\n\t<meta name=\"twitter:label2\" content=\"Est. reading time\" \/>\n\t<meta name=\"twitter:data2\" content=\"2 minutes\" \/>\n<script type=\"application\/ld+json\" class=\"yoast-schema-graph\">{\"@context\":\"https:\/\/schema.org\",\"@graph\":[{\"@type\":\"WebPage\",\"@id\":\"https:\/\/agnieszkakudela.pl\/en\/ida-swieta-mam-dla-was-cudowne-rozdanie\/\",\"url\":\"https:\/\/agnieszkakudela.pl\/en\/ida-swieta-mam-dla-was-cudowne-rozdanie\/\",\"name\":\"Christmas is coming - I have a wonderful deal for you - BLOG\",\"isPartOf\":{\"@id\":\"https:\/\/agnieszkakudela.pl\/en\/#website\"},\"primaryImageOfPage\":{\"@id\":\"https:\/\/agnieszkakudela.pl\/en\/ida-swieta-mam-dla-was-cudowne-rozdanie\/#primaryimage\"},\"image\":{\"@id\":\"https:\/\/agnieszkakudela.pl\/en\/ida-swieta-mam-dla-was-cudowne-rozdanie\/#primaryimage\"},\"thumbnailUrl\":\"https:\/\/agnieszkakudela.pl\/wp-content\/uploads\/2013\/11\/spod-kocyka-rozdaje-polaroid.jpg\",\"datePublished\":\"2013-11-08T21:05:00+00:00\",\"dateModified\":\"2023-11-30T16:48:30+00:00\",\"author\":{\"@id\":\"https:\/\/agnieszkakudela.pl\/en\/#\/schema\/person\/6bcb4455a2618219c96dcb211322581a\"},\"description\":\"Czytaj wi\u0119cej na blogu Agnieszki w temacie Christmas is coming - I have a wonderful deal for you Zapraszam! :)\",\"breadcrumb\":{\"@id\":\"https:\/\/agnieszkakudela.pl\/en\/ida-swieta-mam-dla-was-cudowne-rozdanie\/#breadcrumb\"},\"inLanguage\":\"en-US\",\"potentialAction\":[{\"@type\":\"ReadAction\",\"target\":[\"https:\/\/agnieszkakudela.pl\/en\/ida-swieta-mam-dla-was-cudowne-rozdanie\/\"]}]},{\"@type\":\"ImageObject\",\"inLanguage\":\"en-US\",\"@id\":\"https:\/\/agnieszkakudela.pl\/en\/ida-swieta-mam-dla-was-cudowne-rozdanie\/#primaryimage\",\"url\":\"https:\/\/agnieszkakudela.pl\/wp-content\/uploads\/2013\/11\/spod-kocyka-rozdaje-polaroid.jpg\",\"contentUrl\":\"https:\/\/agnieszkakudela.pl\/wp-content\/uploads\/2013\/11\/spod-kocyka-rozdaje-polaroid.jpg\",\"width\":850,\"height\":437},{\"@type\":\"BreadcrumbList\",\"@id\":\"https:\/\/agnieszkakudela.pl\/en\/ida-swieta-mam-dla-was-cudowne-rozdanie\/#breadcrumb\",\"itemListElement\":[{\"@type\":\"ListItem\",\"position\":1,\"name\":\"Strona g\u0142\u00f3wna\",\"item\":\"https:\/\/agnieszkakudela.pl\/en\/\"},{\"@type\":\"ListItem\",\"position\":2,\"name\":\"Christmas is coming &#8211; I have a wonderful deal for you\"}]},{\"@type\":\"WebSite\",\"@id\":\"https:\/\/agnieszkakudela.pl\/en\/#website\",\"url\":\"https:\/\/agnieszkakudela.pl\/en\/\",\"name\":\"AgnieszkaKudela.pl\",\"description\":\"Blog parentingowy i modowy, prowadzony przez Wedding Plannerk\u0119, Mam\u0119 2,5 letniego Miko\u0142aja, oczekuj\u0105c\u0105 kolejnego Maluszka.\",\"potentialAction\":[{\"@type\":\"SearchAction\",\"target\":{\"@type\":\"EntryPoint\",\"urlTemplate\":\"https:\/\/agnieszkakudela.pl\/en\/?s={search_term_string}\"},\"query-input\":{\"@type\":\"PropertyValueSpecification\",\"valueRequired\":true,\"valueName\":\"search_term_string\"}}],\"inLanguage\":\"en-US\"},{\"@type\":\"Person\",\"@id\":\"https:\/\/agnieszkakudela.pl\/en\/#\/schema\/person\/6bcb4455a2618219c96dcb211322581a\",\"name\":\"Agnieszka\",\"image\":{\"@type\":\"ImageObject\",\"inLanguage\":\"en-US\",\"@id\":\"https:\/\/agnieszkakudela.pl\/en\/#\/schema\/person\/image\/\",\"url\":\"https:\/\/secure.gravatar.com\/avatar\/273e276984ad85ab6128668c9b74de17ce7242096c56402401f29d5962fa11fa?s=96&d=identicon&r=g\",\"contentUrl\":\"https:\/\/secure.gravatar.com\/avatar\/273e276984ad85ab6128668c9b74de17ce7242096c56402401f29d5962fa11fa?s=96&d=identicon&r=g\",\"caption\":\"Agnieszka\"},\"description\":\"Wedding Plannerka Mama 3 letniego Miko\u0142aja i kilkumiesi\u0119cznego Maksa. Zakochana w \u017cyciu i swoim M\u0119\u017cu.\",\"sameAs\":[\"https:\/\/agnieszkakudela.pl\/\",\"https:\/\/www.facebook.com\/AgnieszkaKudelaPL\"],\"url\":\"https:\/\/agnieszkakudela.pl\/en\/author\/spodkocyka\/\"}]}<\/script>\n<!-- \/ Yoast SEO plugin. -->","yoast_head_json":{"title":"Christmas is coming - I have a wonderful deal for you - BLOG","description":"Czytaj wi\u0119cej na blogu Agnieszki w temacie Christmas is coming - I have a wonderful deal for you Zapraszam! :)","robots":{"index":"index","follow":"follow","max-snippet":"max-snippet:-1","max-image-preview":"max-image-preview:large","max-video-preview":"max-video-preview:-1"},"og_locale":"en_US","og_type":"article","og_title":"Christmas is coming - I have a wonderful deal for you - BLOG","og_description":"Czytaj wi\u0119cej na blogu Agnieszki w temacie Christmas is coming - I have a wonderful deal for you Zapraszam! :)","og_url":"https:\/\/agnieszkakudela.pl\/en\/ida-swieta-mam-dla-was-cudowne-rozdanie\/","og_site_name":"AgnieszkaKudela.pl","article_author":"https:\/\/www.facebook.com\/AgnieszkaKudelaPL","article_published_time":"2013-11-08T21:05:00+00:00","article_modified_time":"2023-11-30T16:48:30+00:00","og_image":[{"width":850,"height":437,"url":"https:\/\/agnieszkakudela.pl\/wp-content\/uploads\/2013\/11\/spod-kocyka-rozdaje-polaroid.jpg","type":"image\/jpeg"}],"author":"Agnieszka","twitter_card":"summary_large_image","twitter_misc":{"Written by":"Agnieszka","Est. reading time":"2 minutes"},"schema":{"@context":"https:\/\/schema.org","@graph":[{"@type":"WebPage","@id":"https:\/\/agnieszkakudela.pl\/en\/ida-swieta-mam-dla-was-cudowne-rozdanie\/","url":"https:\/\/agnieszkakudela.pl\/en\/ida-swieta-mam-dla-was-cudowne-rozdanie\/","name":"Christmas is coming - I have a wonderful deal for you - BLOG","isPartOf":{"@id":"https:\/\/agnieszkakudela.pl\/en\/#website"},"primaryImageOfPage":{"@id":"https:\/\/agnieszkakudela.pl\/en\/ida-swieta-mam-dla-was-cudowne-rozdanie\/#primaryimage"},"image":{"@id":"https:\/\/agnieszkakudela.pl\/en\/ida-swieta-mam-dla-was-cudowne-rozdanie\/#primaryimage"},"thumbnailUrl":"https:\/\/agnieszkakudela.pl\/wp-content\/uploads\/2013\/11\/spod-kocyka-rozdaje-polaroid.jpg","datePublished":"2013-11-08T21:05:00+00:00","dateModified":"2023-11-30T16:48:30+00:00","author":{"@id":"https:\/\/agnieszkakudela.pl\/en\/#\/schema\/person\/6bcb4455a2618219c96dcb211322581a"},"description":"Czytaj wi\u0119cej na blogu Agnieszki w temacie Christmas is coming - I have a wonderful deal for you Zapraszam! :)","breadcrumb":{"@id":"https:\/\/agnieszkakudela.pl\/en\/ida-swieta-mam-dla-was-cudowne-rozdanie\/#breadcrumb"},"inLanguage":"en-US","potentialAction":[{"@type":"ReadAction","target":["https:\/\/agnieszkakudela.pl\/en\/ida-swieta-mam-dla-was-cudowne-rozdanie\/"]}]},{"@type":"ImageObject","inLanguage":"en-US","@id":"https:\/\/agnieszkakudela.pl\/en\/ida-swieta-mam-dla-was-cudowne-rozdanie\/#primaryimage","url":"https:\/\/agnieszkakudela.pl\/wp-content\/uploads\/2013\/11\/spod-kocyka-rozdaje-polaroid.jpg","contentUrl":"https:\/\/agnieszkakudela.pl\/wp-content\/uploads\/2013\/11\/spod-kocyka-rozdaje-polaroid.jpg","width":850,"height":437},{"@type":"BreadcrumbList","@id":"https:\/\/agnieszkakudela.pl\/en\/ida-swieta-mam-dla-was-cudowne-rozdanie\/#breadcrumb","itemListElement":[{"@type":"ListItem","position":1,"name":"Strona g\u0142\u00f3wna","item":"https:\/\/agnieszkakudela.pl\/en\/"},{"@type":"ListItem","position":2,"name":"Christmas is coming &#8211; I have a wonderful deal for you"}]},{"@type":"WebSite","@id":"https:\/\/agnieszkakudela.pl\/en\/#website","url":"https:\/\/agnieszkakudela.pl\/en\/","name":"AgnieszkaKudela.pl","description":"Blog parentingowy i modowy, prowadzony przez Wedding Plannerk\u0119, Mam\u0119 2,5 letniego Miko\u0142aja, oczekuj\u0105c\u0105 kolejnego Maluszka.","potentialAction":[{"@type":"SearchAction","target":{"@type":"EntryPoint","urlTemplate":"https:\/\/agnieszkakudela.pl\/en\/?s={search_term_string}"},"query-input":{"@type":"PropertyValueSpecification","valueRequired":true,"valueName":"search_term_string"}}],"inLanguage":"en-US"},{"@type":"Person","@id":"https:\/\/agnieszkakudela.pl\/en\/#\/schema\/person\/6bcb4455a2618219c96dcb211322581a","name":"Agnieszka","image":{"@type":"ImageObject","inLanguage":"en-US","@id":"https:\/\/agnieszkakudela.pl\/en\/#\/schema\/person\/image\/","url":"https:\/\/secure.gravatar.com\/avatar\/273e276984ad85ab6128668c9b74de17ce7242096c56402401f29d5962fa11fa?s=96&d=identicon&r=g","contentUrl":"https:\/\/secure.gravatar.com\/avatar\/273e276984ad85ab6128668c9b74de17ce7242096c56402401f29d5962fa11fa?s=96&d=identicon&r=g","caption":"Agnieszka"},"description":"Wedding Plannerka Mama 3 letniego Miko\u0142aja i kilkumiesi\u0119cznego Maksa. Zakochana w \u017cyciu i swoim M\u0119\u017cu.","sameAs":["https:\/\/agnieszkakudela.pl\/","https:\/\/www.facebook.com\/AgnieszkaKudelaPL"],"url":"https:\/\/agnieszkakudela.pl\/en\/author\/spodkocyka\/"}]}},"_links":{"self":[{"href":"https:\/\/agnieszkakudela.pl\/en\/wp-json\/wp\/v2\/posts\/62042","targetHints":{"allow":["GET"]}}],"collection":[{"href":"https:\/\/agnieszkakudela.pl\/en\/wp-json\/wp\/v2\/posts"}],"about":[{"href":"https:\/\/agnieszkakudela.pl\/en\/wp-json\/wp\/v2\/types\/post"}],"author":[{"embeddable":true,"href":"https:\/\/agnieszkakudela.pl\/en\/wp-json\/wp\/v2\/users\/1"}],"replies":[{"embeddable":true,"href":"https:\/\/agnieszkakudela.pl\/en\/wp-json\/wp\/v2\/comments?post=62042"}],"version-history":[{"count":0,"href":"https:\/\/agnieszkakudela.pl\/en\/wp-json\/wp\/v2\/posts\/62042\/revisions"}],"wp:featuredmedia":[{"embeddable":true,"href":"https:\/\/agnieszkakudela.pl\/en\/wp-json\/wp\/v2\/media\/55455"}],"wp:attachment":[{"href":"https:\/\/agnieszkakudela.pl\/en\/wp-json\/wp\/v2\/media?parent=62042"}],"wp:term":[{"taxonomy":"category","embeddable":true,"href":"https:\/\/agnieszkakudela.pl\/en\/wp-json\/wp\/v2\/categories?post=62042"},{"taxonomy":"post_tag","embeddable":true,"href":"https:\/\/agnieszkakudela.pl\/en\/wp-json\/wp\/v2\/tags?post=62042"}],"curies":[{"name":"wp","href":"https:\/\/api.w.org\/{rel}","templated":true}]}}