{"id":62061,"date":"2019-03-31T20:27:54","date_gmt":"2019-03-31T18:27:54","guid":{"rendered":"https:\/\/dev.agnieszkakudela.pl\/garderoba-kapsulowa-na-wiosne\/"},"modified":"2023-12-01T10:33:03","modified_gmt":"2023-12-01T09:33:03","slug":"garderoba-kapsulowa-na-wiosne","status":"publish","type":"post","link":"https:\/\/agnieszkakudela.pl\/en\/garderoba-kapsulowa-na-wiosne\/","title":{"rendered":"My capsule wardrobe for spring 2019"},"content":{"rendered":"<p>I love to simplify my life, so I decided to prepare my wardrobe for spring and treat my wardrobe like &#8230; a clothes store and choose only those that I love, in which I feel best, they are nice, fresh, undamaged and keep their cut to shorten maximum time that I make a decision every morning &#8211; what to wear today. On this basis, I created\u00a0<strong>spring capsule wardrobe<\/strong>, full of pearls themselves, but closing in 30 pieces. View\u00a0<strong>what&#8217;s in it<\/strong>\u00a0i\u00a0<strong>what principles followed my organization<\/strong>.<br \/>\n<!--more--><\/p>\n<h3>What is a capsule wardrobe?<\/h3>\n<p>The idea of \u200b\u200ba capsule wardrobe is to have in it timeless, classic, high-quality clothes that fit together so that they can be mixed and combined almost freely to allow us to create many styles for every occasion. It is said that if we do it properly, we should do only 30 &#8230; clothes, not including extras.<\/p>\n<p>&nbsp;<\/p>\n<p>Of course, the number of clothes really is the most conventional thing when creating a capsule wardrobe, the most important thing is that it fulfills its task, and in the background is usually whether we have 20 or 50.<\/p>\n<p>&nbsp;<\/p>\n<p>For me, a capsule wardrobe is an attempt to invite minimalism, save time and money to the next zone of my life.<\/p>\n<p>&nbsp;<\/p>\n<h3>Where did the idea for a capsule wardrobe come from?<\/h3>\n<p>I have been trying to introduce minimalism in my home and in my wardrobe for three years, but I was inspired to create my first capsule wardrobe by spring and the words of Facebook&#8217;s founder &#8211; Mark Zuckerberg, in which he thinks that the daily decisions &#8220;what to wear&#8221; would take him precious energy that he can use in a more creative way.<\/p>\n<p>&nbsp;<\/p>\n<p>In addition, I noticed that the more decisions I have to make during the day, the less my commitment to making them decreases, and when the first decision &#8220;what to wear&#8221; on the day turned out to be wrong, it was able to &#8220;crush me&#8221; throughout the day, lowering my mood &#8230; when it turned out that I put on a blouse for an important meeting, which after the next washing has lost its shape so much that it does not make a good impression at all.<\/p>\n<p>&nbsp;<\/p>\n<p>In addition, I do not like this stress when I open a wardrobe full of clothes and literally &#8220;I have nothing to wear&#8221;, when it often turns out that the first three elements taken out of it are in the wrong size, fashion or not my color at all. I&#8217;ve been &#8220;getting rid&#8221; of clothes from my wardrobe intensively for a year and a half, but still sentiments and the feeling that I had to spend all the money on them prevent me from really drastic cleanup.<\/p>\n<p>&nbsp;<\/p>\n<h3>How much time do women spend in their lives choosing clothes?<\/h3>\n<p>Apparently 16 minutes a day, which is an average of 287 days of life! You do not believe? This average also took into account the fact that we have a tendency to change every day: work clothes, after work clothes, cooking clothes, cleaning clothes, gym clothes &#8230; I&#8217;m sure my average is much lower today, but why would not make your life even more?<\/p>\n<p>&nbsp;<\/p>\n<h3>Quality versus quantity = confidence<\/h3>\n<p>An elegant restaurant with sophisticated dishes that fit on one page of the menu or fast food with several hundred dishes whose freshness and quality of ingredients you are usually concerned about?<\/p>\n<p>&nbsp;<\/p>\n<p>Probably each of us went through the stage of &#8220;choking&#8221; with fashion, sales and promotions &#8211; to this day I remember when suddenly the clothing market in Poland changed so that without promotion I could suddenly buy 3 blouses for the price of one &#8230; of course, at first I did not notice the difference in quality or in fabrics, just choked with my shopping possibilities, I went crazy filling my wardrobe with\u2026 low-quality clothes, which often turned out to be almost all at once, and my heart ached that my favorite blouse was more suitable for washing with the eye than for work.<\/p>\n<p>&nbsp;<\/p>\n<p>Now in my wardrobe most of the clothes are of high quality, they are beautifully cut, made of natural fabrics, but take it easy, I didn&#8217;t throw away my favorite old blouse just because it is made of polyester, since it still looks great &#8211; and I remember spraying it with an antistatic spray before going out .<\/p>\n<p>&nbsp;<\/p>\n<h3>Number of clothes in a capsule wardrobe<\/h3>\n<p>The number of clothes in my capsule wardrobe &#8211; apart from accessories, including shoes and specialist clothing, such as sports clothes &#8211; but with outerwear, I estimated at 30, and finally I got 31 pieces &#8211; only jackets, I&#8217;m not sure, but I preferred to have &#8220;spare&#8221;.<\/p>\n<p>&nbsp;<\/p>\n<p>In my wardrobe there are clothes for spending free time after work, with children on the playground or on a walk, as well as clothes for work, cinema or theater.<\/p>\n<p>&nbsp;<\/p>\n<p class=\"gt-block\"><strong>30 pieces<\/strong>\u00a0for some it will not be enough, for others it will be a lot\u00a0<strong>&#8211; there are no hard and fast rules<\/strong>, I think that after the first month I will know if this amount is right for me, after the first days I am delighted with it! Today, dressing for children with the city for the day, I knew immediately that I would reach for gray jeans (no dirt can be seen) and a blue sweater, and I would combine them with the only flat shoes that are suitable for walking on sandy, rural roads.<\/p>\n<p>&nbsp;<\/p>\n<p>In my number of 31 pieces, there are no shoes, jewelry, glasses, scarves, hats or handbags, there are also no specialist clothing such as sports, raincoats or galoshes, or the &#8220;at home&#8221; or &#8220;cleaning&#8221;, because here I always take the first sweatpants in advance and it does not stress me at all.<\/p>\n<p>&nbsp;<\/p>\n<h3>colors<\/h3>\n<p class=\"gt-block\">I decided to approach composing the colors of my wardrobe as to &#8230; preparing a color palette for the wedding of the Bride and Groom &#8211; after all, I am a Wedding Consultant and matching colors to the palette is my specialty. The base colors I chose are white and gray (there is nothing black in my spring capsule wardrobe), and the main colors are (of course) my favorite, rather dim\u00a0<strong>pink<\/strong>\u00a0and\u00a0<strong>blue<\/strong>\u00a0&#8211; from light blue to navy blue.\u00a0<strong>All colors match and I can mix them freely<\/strong>. any\u00a0<strong>metallic accessories<\/strong>\u00a0in my closet they are\u00a0<strong>silver<\/strong>.<\/p>\n<p>&nbsp;<\/p>\n<p><img loading=\"lazy\" decoding=\"async\" class=\"aligncenter size-full wp-image-41073\" src=\"https:\/\/agnieszkakudela.pl\/wp-content\/uploads\/2019\/03\/szafa-kapsulowa-kolory.jpg\" sizes=\"auto, (max-width: 1800px) 100vw, 1800px\" srcset=\"https:\/\/agnieszkakudela.pl\/wp-content\/uploads\/2019\/03\/szafa-kapsulowa-kolory.jpg 1800w, https:\/\/agnieszkakudela.pl\/wp-content\/uploads\/2019\/03\/szafa-kapsulowa-kolory-600x401.jpg 600w, https:\/\/agnieszkakudela.pl\/wp-content\/uploads\/2019\/03\/szafa-kapsulowa-kolory-300x200.jpg 300w, https:\/\/agnieszkakudela.pl\/wp-content\/uploads\/2019\/03\/szafa-kapsulowa-kolory-768x513.jpg 768w, https:\/\/agnieszkakudela.pl\/wp-content\/uploads\/2019\/03\/szafa-kapsulowa-kolory-1024x684.jpg 1024w\" alt=\"capsule wardrobe colors\" width=\"1800\" height=\"1202\" \/><\/p>\n<p>&nbsp;<\/p>\n<h3>Invoices and patterns in a capsule wardrobe<\/h3>\n<p class=\"gt-block\">To increase the chance that most of the clothes will match, there are only two designs in my wardrobe &#8211;\u00a0<strong>flowers<\/strong>\u00a0(once) and\u00a0<strong>stripes<\/strong>\u00a0(once) and\u00a0<strong>lace<\/strong>\u00a0(three times).<\/p>\n<p>&nbsp;<\/p>\n<p class=\"gt-block\">In addition, there is a lot in my closet\u00a0<strong>valances<\/strong>\u00a0&#8211; I love them, they add a bit of girly charm to simple stylizations, which I like so much.<\/p>\n<p>&nbsp;<\/p>\n<p class=\"gt-block\">I&#8217;ll show you my wardrobe in the spring, and if\u00a0<strong>you want to create your capsule wardrobe, but you need even more support<\/strong>, take a look\u00a0<a href=\"https:\/\/domodi.pl\/trendy\/minimalizm-i-zabawa-moda-mozesz-to-polaczyc_2304\">on Domodi &#8211; you will find here a 10-day minimalist challenge, a shopping guide and 3 steps to create your wardrobe, and many interesting facts about how we women shop and what we have in the wardrobe<\/a>.<\/p>\n<p>&nbsp;<\/p>\n<h3>Capsule wardrobe organization<\/h3>\n<p>I did not decide to throw away the other clothes (the more that I like most of them too), so for the purposes of my first adventure with a capsule wardrobe, for which I gave myself a month, I put a hanger on the bedroom, where I hung my 31 clothes, I have them all the time in view and I hope to look into the main wardrobe as little as possible.<\/p>\n<p>&nbsp;<\/p>\n<p><img loading=\"lazy\" decoding=\"async\" class=\"aligncenter size-full wp-image-41074\" src=\"https:\/\/agnieszkakudela.pl\/wp-content\/uploads\/2019\/03\/szafa-kapsulowa.jpg\" sizes=\"auto, (max-width: 1800px) 100vw, 1800px\" srcset=\"https:\/\/agnieszkakudela.pl\/wp-content\/uploads\/2019\/03\/szafa-kapsulowa.jpg 1800w, https:\/\/agnieszkakudela.pl\/wp-content\/uploads\/2019\/03\/szafa-kapsulowa-600x401.jpg 600w, https:\/\/agnieszkakudela.pl\/wp-content\/uploads\/2019\/03\/szafa-kapsulowa-300x200.jpg 300w, https:\/\/agnieszkakudela.pl\/wp-content\/uploads\/2019\/03\/szafa-kapsulowa-768x513.jpg 768w, https:\/\/agnieszkakudela.pl\/wp-content\/uploads\/2019\/03\/szafa-kapsulowa-1024x684.jpg 1024w\" alt=\"capsule wardrobe\" width=\"1800\" height=\"1202\" \/><\/p>\n<p>&nbsp;<\/p>\n<p>paste<\/p>\n<p>&nbsp;<\/p>\n<h3>What was in my spring capsule wardrobe?<\/h3>\n<p>3 pair of pants<\/p>\n<p>4 sweaters<\/p>\n<p>2 coats<\/p>\n<p>3 shirts<\/p>\n<p>8 blouses<\/p>\n<p>1 jacket<\/p>\n<p>4 skirts<\/p>\n<p>6 dresses<\/p>\n<p>&nbsp;<\/p>\n<h3>6 dresses<\/h3>\n<p><img loading=\"lazy\" decoding=\"async\" class=\"aligncenter size-full wp-image-41075\" src=\"https:\/\/agnieszkakudela.pl\/wp-content\/uploads\/2019\/03\/szafa-kapsulowa-sukienki.jpg\" alt=\"capsule wardrobe of the dress\" width=\"1800\" height=\"2697\" \/><\/p>\n<p>&nbsp;<\/p>\n<p>Dresses are not the best friends of a capsule wardrobe &#8211; from 6 dresses I can only create 6 outfits, if I replaced them with 3 blouses and 3 skirts, I could have as many as 9 different combinations, i.e. half more.<\/p>\n<p>&nbsp;<\/p>\n<p class=\"gt-block\">But\u00a0<strong>the dress has a completely different advantage for me<\/strong>\u00a0&#8211;\u00a0<strong>I do not have to &#8220;combine&#8221; what to combine with what<\/strong>, I laugh that someone has already come up with this for me and I save a lot of time on dressing and limit the number of decisions to make and I know I look good.<\/p>\n<p>&nbsp;<\/p>\n<p class=\"gt-block\">Among my dresses there are classics by Marie Zelie &#8211;\u00a0<strong>blue business clothes<\/strong>\u00a0and this one\u00a0<strong>charming in flowers<\/strong>in which I feel like a second skin. I am wearing a gift &#8211; only someone who knows me very well could give me such a beautiful one, perfectly fitting\u00a0<strong>a powder pink dress with frills on the shoulders<\/strong>\u00a0&#8211; and it comes from the Zezuzulla store and it&#8217;s great to welcome spring there. My next choices are lace &#8211;\u00a0<strong>light pink dress<\/strong>on which we talk with Wojtek &#8220;<strong>star<\/strong>&#8220;- I feel more or less in it &#8211; it is perfect for all receptions, parties, and also works in the daily work of a Wedding Planner and perfectly reflects my character. Another this\u00a0<strong>beige dress<\/strong>\u00a0Manifiq, thanks to which I made beige boots with a year-round creation, and the last one is mine\u00a0<strong>the most elegant dress<\/strong>\u00a0<strong>dark, dusty pink over the knee<\/strong>\u00a0&#8211; I had no doubt that in the Valentine&#8217;s Day to the theater has just bet it, like on Christmas Eve, or TV to work &#8211; again, perfectly captures me like a second skin.<\/p>\n<p>&nbsp;<\/p>\n<h3>Trousers<\/h3>\n<p><img loading=\"lazy\" decoding=\"async\" class=\"aligncenter size-full wp-image-41077\" src=\"https:\/\/agnieszkakudela.pl\/wp-content\/uploads\/2019\/03\/szafa-kapsulowa-spodnie.jpg\" sizes=\"auto, (max-width: 1800px) 100vw, 1800px\" srcset=\"https:\/\/agnieszkakudela.pl\/wp-content\/uploads\/2019\/03\/szafa-kapsulowa-spodnie.jpg 1800w, https:\/\/agnieszkakudela.pl\/wp-content\/uploads\/2019\/03\/szafa-kapsulowa-spodnie-600x401.jpg 600w, https:\/\/agnieszkakudela.pl\/wp-content\/uploads\/2019\/03\/szafa-kapsulowa-spodnie-300x200.jpg 300w, https:\/\/agnieszkakudela.pl\/wp-content\/uploads\/2019\/03\/szafa-kapsulowa-spodnie-768x513.jpg 768w, https:\/\/agnieszkakudela.pl\/wp-content\/uploads\/2019\/03\/szafa-kapsulowa-spodnie-1024x684.jpg 1024w\" alt=\"capsule wardrobe pants\" width=\"1800\" height=\"1202\" \/><\/p>\n<p>&nbsp;<\/p>\n<p class=\"gt-block\">I go to work almost only in dresses &#8211; I feel feminine, light and airy in them\u00a0<strong>I leave my pants on afternoons and weekends with children<\/strong>or on such days\u00a0<strong>at work, when I have a lot to wear or run around the city<\/strong>but these are not official meetings, so the three pairs of pants I chose are jeans: white &#8211; great for spring, summer and early autumn, gray &#8211; perfect for every day and literally with everything, and classic &#8220;jeans&#8221;. All my jeans are from Zara.<\/p>\n<p>&nbsp;<\/p>\n<h3>Skirts<\/h3>\n<p><img loading=\"lazy\" decoding=\"async\" class=\"aligncenter size-full wp-image-41079\" src=\"https:\/\/agnieszkakudela.pl\/wp-content\/uploads\/2019\/03\/szafa-kapsulowa-spodnice.jpg\" sizes=\"auto, (max-width: 1800px) 100vw, 1800px\" srcset=\"https:\/\/agnieszkakudela.pl\/wp-content\/uploads\/2019\/03\/szafa-kapsulowa-spodnice.jpg 1800w, https:\/\/agnieszkakudela.pl\/wp-content\/uploads\/2019\/03\/szafa-kapsulowa-spodnice-600x401.jpg 600w, https:\/\/agnieszkakudela.pl\/wp-content\/uploads\/2019\/03\/szafa-kapsulowa-spodnice-300x200.jpg 300w, https:\/\/agnieszkakudela.pl\/wp-content\/uploads\/2019\/03\/szafa-kapsulowa-spodnice-768x513.jpg 768w, https:\/\/agnieszkakudela.pl\/wp-content\/uploads\/2019\/03\/szafa-kapsulowa-spodnice-1024x684.jpg 1024w\" alt=\"capsule wardrobe skirts\" width=\"1800\" height=\"1202\" \/><\/p>\n<p>&nbsp;<\/p>\n<p class=\"gt-block\">She was here both\u00a0<strong>patterned white-blue skirt<\/strong>\u00a0from Marie Zelie,\u00a0<strong>pale pink skirt with a circle<\/strong>\u00a0Nife.\u00a0<strong>characterful skirt &#8220;put on&#8221;<\/strong>\u00a0from Beksy and\u00a0<strong>elegant, but also sensual, blue openwork skirt with a cappuccino lining<\/strong>\u00a0from Manifiq.<\/p>\n<p>&nbsp;<\/p>\n<h3>Shirts<\/h3>\n<p><img loading=\"lazy\" decoding=\"async\" class=\"aligncenter size-full wp-image-41080\" src=\"https:\/\/agnieszkakudela.pl\/wp-content\/uploads\/2019\/03\/szafa-kapsulowa-koszule.jpg\" sizes=\"auto, (max-width: 1800px) 100vw, 1800px\" srcset=\"https:\/\/agnieszkakudela.pl\/wp-content\/uploads\/2019\/03\/szafa-kapsulowa-koszule.jpg 1800w, https:\/\/agnieszkakudela.pl\/wp-content\/uploads\/2019\/03\/szafa-kapsulowa-koszule-600x401.jpg 600w, https:\/\/agnieszkakudela.pl\/wp-content\/uploads\/2019\/03\/szafa-kapsulowa-koszule-300x200.jpg 300w, https:\/\/agnieszkakudela.pl\/wp-content\/uploads\/2019\/03\/szafa-kapsulowa-koszule-768x513.jpg 768w, https:\/\/agnieszkakudela.pl\/wp-content\/uploads\/2019\/03\/szafa-kapsulowa-koszule-1024x684.jpg 1024w\" alt=\"capsule wardrobe shirts\" width=\"1800\" height=\"1202\" \/><\/p>\n<p>&nbsp;<\/p>\n<p class=\"gt-block\">Skirt or pants\u00a0<strong>when combined with a shirt, they immediately take on a more official character<\/strong>, that&#8217;s why they found themselves in my capsule closet\u00a0<strong>three high-quality, cotton, richly woven shirts of Polish brands<\/strong>\u00a0Lambert and W\u00f3lczanka in three colors that perfectly match my wardrobe. I always buy them during the &#8220;2 for the price of one&#8221; promotions organized several times a year &#8211; so if you are looking for a high-quality shirt, also one with cufflinks in the women&#8217;s version, wait until such a promotion is made. I love the fact that they have covered buttons, which additionally have much more densely sewn buttons at the height of the bust &#8211;\u00a0<strong>no more smiling neckline<\/strong>who can take away confidence at a meeting of almost every business woman.<\/p>\n<p>&nbsp;<\/p>\n<p><img loading=\"lazy\" decoding=\"async\" class=\"aligncenter size-full wp-image-41081\" src=\"https:\/\/agnieszkakudela.pl\/wp-content\/uploads\/2019\/03\/wysokiej-jakosci-koszule-bawelniane.jpg\" alt=\"high quality cotton shirts\" width=\"1800\" height=\"2696\" \/><\/p>\n<p>&nbsp;<\/p>\n<h3>blouses<\/h3>\n<p><img loading=\"lazy\" decoding=\"async\" class=\"aligncenter size-full wp-image-41082\" src=\"https:\/\/agnieszkakudela.pl\/wp-content\/uploads\/2019\/03\/szafa-kapsulowa-bluzki.jpg\" sizes=\"auto, (max-width: 1800px) 100vw, 1800px\" srcset=\"https:\/\/agnieszkakudela.pl\/wp-content\/uploads\/2019\/03\/szafa-kapsulowa-bluzki.jpg 1800w, https:\/\/agnieszkakudela.pl\/wp-content\/uploads\/2019\/03\/szafa-kapsulowa-bluzki-600x401.jpg 600w, https:\/\/agnieszkakudela.pl\/wp-content\/uploads\/2019\/03\/szafa-kapsulowa-bluzki-300x200.jpg 300w, https:\/\/agnieszkakudela.pl\/wp-content\/uploads\/2019\/03\/szafa-kapsulowa-bluzki-768x513.jpg 768w, https:\/\/agnieszkakudela.pl\/wp-content\/uploads\/2019\/03\/szafa-kapsulowa-bluzki-1024x684.jpg 1024w\" alt=\"capsule blouse wardrobe\" width=\"1800\" height=\"1202\" \/><\/p>\n<p>&nbsp;<\/p>\n<p class=\"gt-block\">Did I say I like valances? The blouses that I chose for the capsule wardrobe are\u00a0<strong>navy, cotton, basic blouse<\/strong>\u00a0Marie Zelie (not in the photo) &#8211; perfect for work skirt and jogging pants on the playground,\u00a0<strong>striped blouse with frills on the shoulders<\/strong>\u00a0&#8211; absolutely my favorite from Manifiq,\u00a0<strong>a blue frill sleeveless blouse\u00a0<\/strong>from the Stylove Clothes store,\u00a0<strong>powder pink blouse<\/strong>\u00a0with Marie Zelie,\u00a0<strong>elegant blouse with frills on the shoulders<\/strong>\u00a0from Asos, again\u00a0<strong>white basic blouse<\/strong>\u00a0with Marie Zelie and\u00a0<strong>white blouse with frills<\/strong>\u00a0from Manifiq.<\/p>\n<p>&nbsp;<\/p>\n<p>To be honest it is in my capsule wardrobe that I am most afraid about the number of shirts.<\/p>\n<p>&nbsp;<\/p>\n<h3>Sweaters<\/h3>\n<p><img loading=\"lazy\" decoding=\"async\" class=\"aligncenter size-full wp-image-41083\" src=\"https:\/\/agnieszkakudela.pl\/wp-content\/uploads\/2019\/03\/szafa-kapsulowa-swetry.jpg\" sizes=\"auto, (max-width: 1800px) 100vw, 1800px\" srcset=\"https:\/\/agnieszkakudela.pl\/wp-content\/uploads\/2019\/03\/szafa-kapsulowa-swetry.jpg 1800w, https:\/\/agnieszkakudela.pl\/wp-content\/uploads\/2019\/03\/szafa-kapsulowa-swetry-600x401.jpg 600w, https:\/\/agnieszkakudela.pl\/wp-content\/uploads\/2019\/03\/szafa-kapsulowa-swetry-300x200.jpg 300w, https:\/\/agnieszkakudela.pl\/wp-content\/uploads\/2019\/03\/szafa-kapsulowa-swetry-768x513.jpg 768w, https:\/\/agnieszkakudela.pl\/wp-content\/uploads\/2019\/03\/szafa-kapsulowa-swetry-1024x684.jpg 1024w\" alt=\"capsule wardrobe sweaters\" width=\"1800\" height=\"1202\" \/><\/p>\n<p>&nbsp;<\/p>\n<p class=\"gt-block\">Just in spring, when most of the day we can walk without a jacket, but the short sleeve is still too cold. I chose for myself\u00a0<strong>blue cotton v-neck sweater<\/strong>\u00a0Brookshire &#8211; I love it, because for a sweater it highlights my waist quite well, which, unfortunately, cannot be said about\u00a0<strong>pastel-pink sweater with wool<\/strong>\u00a0from the Laurella store &#8211; bites a bit, but has a V-neck, good composition and wears great, although for my figure &#8211; just like the last one\u00a0<strong>gray sweater<\/strong>\u00a0from Femestage, but this one is so cute that I love to run around the city in it, just like in the penultimate\u00a0<strong>frill sweater<\/strong>I bought in Nife despite the poor composition &#8211; but for this frill and I wear it with sympathy. I still miss a pearl in a positive color.<\/p>\n<p>&nbsp;<\/p>\n<h3>Jacket<\/h3>\n<p><img loading=\"lazy\" decoding=\"async\" class=\"aligncenter size-full wp-image-41084\" src=\"https:\/\/agnieszkakudela.pl\/wp-content\/uploads\/2019\/03\/szafa-kapsulowa-marynarka.jpg\" sizes=\"auto, (max-width: 1800px) 100vw, 1800px\" srcset=\"https:\/\/agnieszkakudela.pl\/wp-content\/uploads\/2019\/03\/szafa-kapsulowa-marynarka.jpg 1800w, https:\/\/agnieszkakudela.pl\/wp-content\/uploads\/2019\/03\/szafa-kapsulowa-marynarka-600x401.jpg 600w, https:\/\/agnieszkakudela.pl\/wp-content\/uploads\/2019\/03\/szafa-kapsulowa-marynarka-300x200.jpg 300w, https:\/\/agnieszkakudela.pl\/wp-content\/uploads\/2019\/03\/szafa-kapsulowa-marynarka-768x513.jpg 768w, https:\/\/agnieszkakudela.pl\/wp-content\/uploads\/2019\/03\/szafa-kapsulowa-marynarka-1024x684.jpg 1024w\" alt=\"capsule wardrobe jacket\" width=\"1800\" height=\"1202\" \/><\/p>\n<p>&nbsp;<\/p>\n<p>The jacket is something that is missing in my wardrobe, so I found in it the one that I like the most (although still medium), but it&#8217;s the best one I have, unfortunately I am not sure if I will wear it at all, so a new jacket for replacement is on my shopping list.<\/p>\n<p>&nbsp;<\/p>\n<h3>Coats<\/h3>\n<p><img loading=\"lazy\" decoding=\"async\" class=\"aligncenter size-full wp-image-41086\" src=\"https:\/\/agnieszkakudela.pl\/wp-content\/uploads\/2019\/03\/szafa-kapsulowa-plaszcze.jpg\" alt=\"capsule wardrobe coats\" width=\"1800\" height=\"2696\" \/><\/p>\n<p>&nbsp;<\/p>\n<p class=\"gt-block\">I chose\u00a0<strong>classic, beige trench coat with blue lining<\/strong>\u00a0&#8211; perfect for work and everyday use as well\u00a0<strong>blue coat<\/strong>, which, unfortunately, does not emphasize my waist, I love to wear, and maybe I will give it to a dressmaker to remake and adapt to my figure, whose biggest advantage is the waist.<\/p>\n<p>&nbsp;<\/p>\n<h3><strong>This is the list of my 31 clothes in the minimalist wardrobe, which I created for myself this spring. See what additions I have chosen for her:<\/strong><\/h3>\n<p>&nbsp;<\/p>\n<h3>Capsule wardrobe shoes<\/h3>\n<p><img loading=\"lazy\" decoding=\"async\" class=\"aligncenter size-full wp-image-41087\" src=\"https:\/\/agnieszkakudela.pl\/wp-content\/uploads\/2019\/03\/szafa-kapsulkowa-buty.jpg\" sizes=\"auto, (max-width: 1800px) 100vw, 1800px\" srcset=\"https:\/\/agnieszkakudela.pl\/wp-content\/uploads\/2019\/03\/szafa-kapsulkowa-buty.jpg 1800w, https:\/\/agnieszkakudela.pl\/wp-content\/uploads\/2019\/03\/szafa-kapsulkowa-buty-600x401.jpg 600w, https:\/\/agnieszkakudela.pl\/wp-content\/uploads\/2019\/03\/szafa-kapsulkowa-buty-300x200.jpg 300w, https:\/\/agnieszkakudela.pl\/wp-content\/uploads\/2019\/03\/szafa-kapsulkowa-buty-768x513.jpg 768w, https:\/\/agnieszkakudela.pl\/wp-content\/uploads\/2019\/03\/szafa-kapsulkowa-buty-1024x684.jpg 1024w\" alt=\"capsule wardrobe shoes\" width=\"1800\" height=\"1202\" \/><\/p>\n<p>&nbsp;<\/p>\n<p class=\"gt-block\">It is impossible to hide &#8211; I love it\u00a0<strong>high-heeled shoes<\/strong>and that\u00a0<strong>I wear three pairs every day<\/strong>and not one makes you\u00a0<strong>wear out more slowly<\/strong>and I always have clean and tidy shoes on my shelf, even if I came back late the day before and did not manage to clean the shoes I took off. Thanks to the fact that I have pink and blue shoes in my wardrobe &#8211; I can easily create\u00a0<strong>extremely elegant tone-in-tone stylizations<\/strong>, and when I feel like a colorful mix, I can mix them freely. If I were to limit myself to only one heel, it would obviously be beige heels. There are no black heels in my spring wardrobe, which may seem the most classic, but as you can see to my color palette they would not be the best. Pink and blue high heels are Kazar, and beige Ry\u0142ko.<\/p>\n<p>&nbsp;<\/p>\n<p class=\"gt-block\"><strong>Beige ballerinas<\/strong>\u00a0Femestage usually wear pants &#8211; unless, after returning from work really in a hurry and do not have time to change dress pants even though it change my shoes with high heels on the flat.\u00a0<strong>Navy ballerinas<\/strong>\u00a0this is a novelty in my wardrobe &#8211; I bought navy blue shoes by Monika Kami\u0144ska only because I was afraid that the suede ones in the pastel pink color would be still dirty, so I took navy blue as a precaution.\u00a0<strong>Tied shoes<\/strong>\u00a0Femestage company is my option for a playground, a walk or a trip outside the city &#8211; unless you need galoshes, but I have already agreed that these are specialist shoes for me ;-).<\/p>\n<p>&nbsp;<\/p>\n<h3>Sunglasses and stripes in a capsule wardrobe<\/h3>\n<p><img loading=\"lazy\" decoding=\"async\" class=\"aligncenter size-full wp-image-41090\" src=\"https:\/\/agnieszkakudela.pl\/wp-content\/uploads\/2019\/03\/szafa-kapsulowa-okulary-przeciwsloneczne.jpg\" sizes=\"auto, (max-width: 1800px) 100vw, 1800px\" srcset=\"https:\/\/agnieszkakudela.pl\/wp-content\/uploads\/2019\/03\/szafa-kapsulowa-okulary-przeciwsloneczne.jpg 1800w, https:\/\/agnieszkakudela.pl\/wp-content\/uploads\/2019\/03\/szafa-kapsulowa-okulary-przeciwsloneczne-600x401.jpg 600w, https:\/\/agnieszkakudela.pl\/wp-content\/uploads\/2019\/03\/szafa-kapsulowa-okulary-przeciwsloneczne-300x200.jpg 300w, https:\/\/agnieszkakudela.pl\/wp-content\/uploads\/2019\/03\/szafa-kapsulowa-okulary-przeciwsloneczne-768x513.jpg 768w, https:\/\/agnieszkakudela.pl\/wp-content\/uploads\/2019\/03\/szafa-kapsulowa-okulary-przeciwsloneczne-1024x684.jpg 1024w\" alt=\"capsule wardrobe ray ban erika sunglasses\" width=\"1800\" height=\"1202\" \/><\/p>\n<p>&nbsp;<\/p>\n<p class=\"gt-block\">I have sunglasses at all\u00a0<strong>only one &#8211; high-quality, beige color<\/strong>that fits perfectly with all my stylizations. This is the Erika model from Ray Ban. I only have in the capsule closet\u00a0<strong>one stripe, beige<\/strong>, just like beige stilettos, it goes with almost anything, although for the second time I would choose one in gray.<\/p>\n<p>&nbsp;<\/p>\n<p>&nbsp;<\/p>\n<h3>Handbags<\/h3>\n<p><img loading=\"lazy\" decoding=\"async\" class=\"aligncenter size-full wp-image-41092\" src=\"https:\/\/agnieszkakudela.pl\/wp-content\/uploads\/2019\/03\/szafa-kapsu%C5%82owa-torebki.jpg\" alt=\"capsule wardrobe of the bag\" width=\"1800\" height=\"2696\" \/><\/p>\n<p>&nbsp;<\/p>\n<p class=\"gt-block\">Except for one &#8211; black with a gold accessory &#8211;\u00a0<strong>it&#8217;s just all the bags I wear at all<\/strong>\u00a0and I have &#8211; apart from two more clutch bags, but one is already quite damaged (this is my first leather Zuzia G\u00f3rska handbag and has a sentimental value for me), and I put on the second one only for the Gala of the Polish Association of Wedding Consultants once a year. The handbags that I wear every day are gray &#8211; the one with the fringe is a very durable one for me every day, the quilted one is much more delicate and I usually put it on for larger occasions, and the blue one is a cool color refreshment. Behind the shoes is my laptop bag &#8211; also gray, because it works perfectly all year round and it&#8217;s been the third year.\u00a0<strong>I could easily limit myself to only two here &#8211; the one with a fringe and the one for a laptop<\/strong>and that I don&#8217;t have to, there are four.<\/p>\n<p>&nbsp;<\/p>\n<p class=\"gt-block\"><strong>I also really like 2w1 handbags<\/strong>which with one hand move from a cross body bag to shoulder bags &#8211; this solution was probably invented by some minimalist\u00a0<img decoding=\"async\" class=\"emoji\" role=\"img\" draggable=\"false\" src=\"https:\/\/s.w.org\/images\/core\/emoji\/14.0.0\/svg\/1f609.svg\" alt=\"\" \/><\/p>\n<p><img loading=\"lazy\" decoding=\"async\" class=\"aligncenter size-full wp-image-41093\" src=\"https:\/\/agnieszkakudela.pl\/wp-content\/uploads\/2019\/03\/torebka-szafa-kapsulowa.jpg\" alt=\"capsule wardrobe purse\" width=\"1800\" height=\"2696\" \/><img loading=\"lazy\" decoding=\"async\" class=\"aligncenter size-full wp-image-41094\" src=\"https:\/\/agnieszkakudela.pl\/wp-content\/uploads\/2019\/03\/szafa-kapsulowa-torebka.jpg\" alt=\"capsule wardrobe handbag\" width=\"1800\" height=\"2696\" \/><img loading=\"lazy\" decoding=\"async\" class=\"aligncenter size-full wp-image-41095\" src=\"https:\/\/agnieszkakudela.pl\/wp-content\/uploads\/2019\/03\/szafa-kapsulowa-torebka-minimalistki.jpg\" alt=\"capsule wardrobe minimalist bag\" width=\"1800\" height=\"2696\" \/><\/p>\n<p>&nbsp;<\/p>\n<h3>Scarves<\/h3>\n<p><img loading=\"lazy\" decoding=\"async\" class=\"aligncenter size-full wp-image-41096\" src=\"https:\/\/agnieszkakudela.pl\/wp-content\/uploads\/2019\/03\/szafa-kapsulowa-szaliki.jpg\" sizes=\"auto, (max-width: 1800px) 100vw, 1800px\" srcset=\"https:\/\/agnieszkakudela.pl\/wp-content\/uploads\/2019\/03\/szafa-kapsulowa-szaliki.jpg 1800w, https:\/\/agnieszkakudela.pl\/wp-content\/uploads\/2019\/03\/szafa-kapsulowa-szaliki-600x401.jpg 600w, https:\/\/agnieszkakudela.pl\/wp-content\/uploads\/2019\/03\/szafa-kapsulowa-szaliki-300x200.jpg 300w, https:\/\/agnieszkakudela.pl\/wp-content\/uploads\/2019\/03\/szafa-kapsulowa-szaliki-768x513.jpg 768w, https:\/\/agnieszkakudela.pl\/wp-content\/uploads\/2019\/03\/szafa-kapsulowa-szaliki-1024x684.jpg 1024w\" alt=\"capsule wardrobe scarves\" width=\"1800\" height=\"1202\" \/><\/p>\n<p>I have three scarves &#8211; pink, gray (not in the picture) and beige &#8211; patterned.<\/p>\n<p>&nbsp;<\/p>\n<h3>shopping list<\/h3>\n<p class=\"gt-block\">At the moment I think that\u00a0<b>only a nice jacket and a nice sweater are missing in my wardrobe<\/b>, and unfortunately &#8211; I don&#8217;t miss the other clothes, so I&#8217;m not getting ready for any big shopping frenzy on the occasion of the arrival of spring.<\/p>\n<p>&nbsp;<\/p>\n<p>I am very curious what the first month of using such a capsule wardrobe will show, which I will definitely share with you.<\/p>\n<p>&nbsp;<\/p>\n<p class=\"gt-block\">As a fan of dresses, I admit that\u00a0<strong>as a reward for my completed challenge # Nie Waiting I act I will buy one dress<\/strong>, which will fill my spring wardrobe, and if &#8211; like a year ago &#8211; a beautiful summer arrives in Poland at the end of April, I will also &#8220;launch&#8221; a few pieces of summer clothing, because in the end the &#8220;minimalist wardrobe&#8221; challenge is to serve me, not me.<\/p>\n<p>&nbsp;<\/p>\n<p class=\"gt-block\">In a short time\u00a0<strong>beige high heels and ballerinas will deserve a replacement<\/strong>\u00a0for a newer model, because especially the first ones have not one season behind them.<\/p>\n<p>&nbsp;<\/p>\n<p>But the truth is that I don&#8217;t have much reason to enter the mall for anything other than food or household chemistry. Amazing feeling!<\/p>\n<p>&nbsp;<\/p>\n<p class=\"gt-block\"><strong>I am very curious how many clothes do you have in your wardrobe and do you feel that you have what to wear?<\/strong><\/p>\n","protected":false},"excerpt":{"rendered":"<p>I love to simplify my life, so I decided to prepare my wardrobe for spring and treat my wardrobe like &#8230; a clothes store and choose only those that I love, in which I feel best, they are nice, fresh, undamaged and keep their cut&#8230;<\/p>\n","protected":false},"author":1,"featured_media":59564,"comment_status":"open","ping_status":"closed","sticky":false,"template":"","format":"standard","meta":{"footnotes":""},"categories":[787],"tags":[850,874,916,915,914,971],"class_list":["post-62061","post","type-post","status-publish","format-standard","has-post-thumbnail","hentry","category-fashion","tag-blog-minimalism","tag-capsule-wardrobe","tag-fashion-en","tag-minimalism-in-the-wardrobe","tag-minimalizm-en","tag-slow-fashion-en"],"yoast_head":"<!-- This site is optimized with the Yoast SEO plugin v26.5 - https:\/\/yoast.com\/wordpress\/plugins\/seo\/ -->\n<title>My capsule wardrobe for spring 2019 - BLOG<\/title>\n<meta name=\"description\" content=\"Czytaj wi\u0119cej na blogu Agnieszki w temacie My capsule wardrobe for spring 2019 Zapraszam! :)\" \/>\n<meta name=\"robots\" content=\"index, follow, max-snippet:-1, max-image-preview:large, max-video-preview:-1\" \/>\n<meta property=\"og:locale\" content=\"en_US\" \/>\n<meta property=\"og:type\" content=\"article\" \/>\n<meta property=\"og:title\" content=\"My capsule wardrobe for spring 2019 - BLOG\" \/>\n<meta property=\"og:description\" content=\"Czytaj wi\u0119cej na blogu Agnieszki w temacie My capsule wardrobe for spring 2019 Zapraszam! :)\" \/>\n<meta property=\"og:url\" content=\"https:\/\/agnieszkakudela.pl\/en\/garderoba-kapsulowa-na-wiosne\/\" \/>\n<meta property=\"og:site_name\" content=\"AgnieszkaKudela.pl\" \/>\n<meta property=\"article:author\" content=\"https:\/\/www.facebook.com\/AgnieszkaKudelaPL\" \/>\n<meta property=\"article:published_time\" content=\"2019-03-31T18:27:54+00:00\" \/>\n<meta property=\"article:modified_time\" content=\"2023-12-01T09:33:03+00:00\" \/>\n<meta property=\"og:image\" content=\"https:\/\/agnieszkakudela.pl\/wp-content\/uploads\/2019\/03\/szafa-kapsulowa-na-wiosne.jpg\" \/>\n\t<meta property=\"og:image:width\" content=\"1800\" \/>\n\t<meta property=\"og:image:height\" content=\"1059\" \/>\n\t<meta property=\"og:image:type\" content=\"image\/jpeg\" \/>\n<meta name=\"author\" content=\"Agnieszka\" \/>\n<meta name=\"twitter:card\" content=\"summary_large_image\" \/>\n<meta name=\"twitter:label1\" content=\"Written by\" \/>\n\t<meta name=\"twitter:data1\" content=\"Agnieszka\" \/>\n\t<meta name=\"twitter:label2\" content=\"Est. reading time\" \/>\n\t<meta name=\"twitter:data2\" content=\"15 minutes\" \/>\n<script type=\"application\/ld+json\" class=\"yoast-schema-graph\">{\"@context\":\"https:\/\/schema.org\",\"@graph\":[{\"@type\":\"WebPage\",\"@id\":\"https:\/\/agnieszkakudela.pl\/en\/garderoba-kapsulowa-na-wiosne\/\",\"url\":\"https:\/\/agnieszkakudela.pl\/en\/garderoba-kapsulowa-na-wiosne\/\",\"name\":\"My capsule wardrobe for spring 2019 - BLOG\",\"isPartOf\":{\"@id\":\"https:\/\/agnieszkakudela.pl\/en\/#website\"},\"primaryImageOfPage\":{\"@id\":\"https:\/\/agnieszkakudela.pl\/en\/garderoba-kapsulowa-na-wiosne\/#primaryimage\"},\"image\":{\"@id\":\"https:\/\/agnieszkakudela.pl\/en\/garderoba-kapsulowa-na-wiosne\/#primaryimage\"},\"thumbnailUrl\":\"https:\/\/agnieszkakudela.pl\/wp-content\/uploads\/2019\/03\/szafa-kapsulowa-na-wiosne.jpg\",\"datePublished\":\"2019-03-31T18:27:54+00:00\",\"dateModified\":\"2023-12-01T09:33:03+00:00\",\"author\":{\"@id\":\"https:\/\/agnieszkakudela.pl\/en\/#\/schema\/person\/6bcb4455a2618219c96dcb211322581a\"},\"description\":\"Czytaj wi\u0119cej na blogu Agnieszki w temacie My capsule wardrobe for spring 2019 Zapraszam! :)\",\"breadcrumb\":{\"@id\":\"https:\/\/agnieszkakudela.pl\/en\/garderoba-kapsulowa-na-wiosne\/#breadcrumb\"},\"inLanguage\":\"en-US\",\"potentialAction\":[{\"@type\":\"ReadAction\",\"target\":[\"https:\/\/agnieszkakudela.pl\/en\/garderoba-kapsulowa-na-wiosne\/\"]}]},{\"@type\":\"ImageObject\",\"inLanguage\":\"en-US\",\"@id\":\"https:\/\/agnieszkakudela.pl\/en\/garderoba-kapsulowa-na-wiosne\/#primaryimage\",\"url\":\"https:\/\/agnieszkakudela.pl\/wp-content\/uploads\/2019\/03\/szafa-kapsulowa-na-wiosne.jpg\",\"contentUrl\":\"https:\/\/agnieszkakudela.pl\/wp-content\/uploads\/2019\/03\/szafa-kapsulowa-na-wiosne.jpg\",\"width\":1200,\"height\":706},{\"@type\":\"BreadcrumbList\",\"@id\":\"https:\/\/agnieszkakudela.pl\/en\/garderoba-kapsulowa-na-wiosne\/#breadcrumb\",\"itemListElement\":[{\"@type\":\"ListItem\",\"position\":1,\"name\":\"Strona g\u0142\u00f3wna\",\"item\":\"https:\/\/agnieszkakudela.pl\/en\/\"},{\"@type\":\"ListItem\",\"position\":2,\"name\":\"My capsule wardrobe for spring 2019\"}]},{\"@type\":\"WebSite\",\"@id\":\"https:\/\/agnieszkakudela.pl\/en\/#website\",\"url\":\"https:\/\/agnieszkakudela.pl\/en\/\",\"name\":\"AgnieszkaKudela.pl\",\"description\":\"Blog parentingowy i modowy, prowadzony przez Wedding Plannerk\u0119, Mam\u0119 2,5 letniego Miko\u0142aja, oczekuj\u0105c\u0105 kolejnego Maluszka.\",\"potentialAction\":[{\"@type\":\"SearchAction\",\"target\":{\"@type\":\"EntryPoint\",\"urlTemplate\":\"https:\/\/agnieszkakudela.pl\/en\/?s={search_term_string}\"},\"query-input\":{\"@type\":\"PropertyValueSpecification\",\"valueRequired\":true,\"valueName\":\"search_term_string\"}}],\"inLanguage\":\"en-US\"},{\"@type\":\"Person\",\"@id\":\"https:\/\/agnieszkakudela.pl\/en\/#\/schema\/person\/6bcb4455a2618219c96dcb211322581a\",\"name\":\"Agnieszka\",\"image\":{\"@type\":\"ImageObject\",\"inLanguage\":\"en-US\",\"@id\":\"https:\/\/agnieszkakudela.pl\/en\/#\/schema\/person\/image\/\",\"url\":\"https:\/\/secure.gravatar.com\/avatar\/273e276984ad85ab6128668c9b74de17ce7242096c56402401f29d5962fa11fa?s=96&d=identicon&r=g\",\"contentUrl\":\"https:\/\/secure.gravatar.com\/avatar\/273e276984ad85ab6128668c9b74de17ce7242096c56402401f29d5962fa11fa?s=96&d=identicon&r=g\",\"caption\":\"Agnieszka\"},\"description\":\"Wedding Plannerka Mama 3 letniego Miko\u0142aja i kilkumiesi\u0119cznego Maksa. Zakochana w \u017cyciu i swoim M\u0119\u017cu.\",\"sameAs\":[\"https:\/\/agnieszkakudela.pl\/\",\"https:\/\/www.facebook.com\/AgnieszkaKudelaPL\"],\"url\":\"https:\/\/agnieszkakudela.pl\/en\/author\/spodkocyka\/\"}]}<\/script>\n<!-- \/ Yoast SEO plugin. -->","yoast_head_json":{"title":"My capsule wardrobe for spring 2019 - BLOG","description":"Czytaj wi\u0119cej na blogu Agnieszki w temacie My capsule wardrobe for spring 2019 Zapraszam! :)","robots":{"index":"index","follow":"follow","max-snippet":"max-snippet:-1","max-image-preview":"max-image-preview:large","max-video-preview":"max-video-preview:-1"},"og_locale":"en_US","og_type":"article","og_title":"My capsule wardrobe for spring 2019 - BLOG","og_description":"Czytaj wi\u0119cej na blogu Agnieszki w temacie My capsule wardrobe for spring 2019 Zapraszam! :)","og_url":"https:\/\/agnieszkakudela.pl\/en\/garderoba-kapsulowa-na-wiosne\/","og_site_name":"AgnieszkaKudela.pl","article_author":"https:\/\/www.facebook.com\/AgnieszkaKudelaPL","article_published_time":"2019-03-31T18:27:54+00:00","article_modified_time":"2023-12-01T09:33:03+00:00","og_image":[{"width":1800,"height":1059,"url":"https:\/\/agnieszkakudela.pl\/wp-content\/uploads\/2019\/03\/szafa-kapsulowa-na-wiosne.jpg","type":"image\/jpeg"}],"author":"Agnieszka","twitter_card":"summary_large_image","twitter_misc":{"Written by":"Agnieszka","Est. reading time":"15 minutes"},"schema":{"@context":"https:\/\/schema.org","@graph":[{"@type":"WebPage","@id":"https:\/\/agnieszkakudela.pl\/en\/garderoba-kapsulowa-na-wiosne\/","url":"https:\/\/agnieszkakudela.pl\/en\/garderoba-kapsulowa-na-wiosne\/","name":"My capsule wardrobe for spring 2019 - BLOG","isPartOf":{"@id":"https:\/\/agnieszkakudela.pl\/en\/#website"},"primaryImageOfPage":{"@id":"https:\/\/agnieszkakudela.pl\/en\/garderoba-kapsulowa-na-wiosne\/#primaryimage"},"image":{"@id":"https:\/\/agnieszkakudela.pl\/en\/garderoba-kapsulowa-na-wiosne\/#primaryimage"},"thumbnailUrl":"https:\/\/agnieszkakudela.pl\/wp-content\/uploads\/2019\/03\/szafa-kapsulowa-na-wiosne.jpg","datePublished":"2019-03-31T18:27:54+00:00","dateModified":"2023-12-01T09:33:03+00:00","author":{"@id":"https:\/\/agnieszkakudela.pl\/en\/#\/schema\/person\/6bcb4455a2618219c96dcb211322581a"},"description":"Czytaj wi\u0119cej na blogu Agnieszki w temacie My capsule wardrobe for spring 2019 Zapraszam! :)","breadcrumb":{"@id":"https:\/\/agnieszkakudela.pl\/en\/garderoba-kapsulowa-na-wiosne\/#breadcrumb"},"inLanguage":"en-US","potentialAction":[{"@type":"ReadAction","target":["https:\/\/agnieszkakudela.pl\/en\/garderoba-kapsulowa-na-wiosne\/"]}]},{"@type":"ImageObject","inLanguage":"en-US","@id":"https:\/\/agnieszkakudela.pl\/en\/garderoba-kapsulowa-na-wiosne\/#primaryimage","url":"https:\/\/agnieszkakudela.pl\/wp-content\/uploads\/2019\/03\/szafa-kapsulowa-na-wiosne.jpg","contentUrl":"https:\/\/agnieszkakudela.pl\/wp-content\/uploads\/2019\/03\/szafa-kapsulowa-na-wiosne.jpg","width":1200,"height":706},{"@type":"BreadcrumbList","@id":"https:\/\/agnieszkakudela.pl\/en\/garderoba-kapsulowa-na-wiosne\/#breadcrumb","itemListElement":[{"@type":"ListItem","position":1,"name":"Strona g\u0142\u00f3wna","item":"https:\/\/agnieszkakudela.pl\/en\/"},{"@type":"ListItem","position":2,"name":"My capsule wardrobe for spring 2019"}]},{"@type":"WebSite","@id":"https:\/\/agnieszkakudela.pl\/en\/#website","url":"https:\/\/agnieszkakudela.pl\/en\/","name":"AgnieszkaKudela.pl","description":"Blog parentingowy i modowy, prowadzony przez Wedding Plannerk\u0119, Mam\u0119 2,5 letniego Miko\u0142aja, oczekuj\u0105c\u0105 kolejnego Maluszka.","potentialAction":[{"@type":"SearchAction","target":{"@type":"EntryPoint","urlTemplate":"https:\/\/agnieszkakudela.pl\/en\/?s={search_term_string}"},"query-input":{"@type":"PropertyValueSpecification","valueRequired":true,"valueName":"search_term_string"}}],"inLanguage":"en-US"},{"@type":"Person","@id":"https:\/\/agnieszkakudela.pl\/en\/#\/schema\/person\/6bcb4455a2618219c96dcb211322581a","name":"Agnieszka","image":{"@type":"ImageObject","inLanguage":"en-US","@id":"https:\/\/agnieszkakudela.pl\/en\/#\/schema\/person\/image\/","url":"https:\/\/secure.gravatar.com\/avatar\/273e276984ad85ab6128668c9b74de17ce7242096c56402401f29d5962fa11fa?s=96&d=identicon&r=g","contentUrl":"https:\/\/secure.gravatar.com\/avatar\/273e276984ad85ab6128668c9b74de17ce7242096c56402401f29d5962fa11fa?s=96&d=identicon&r=g","caption":"Agnieszka"},"description":"Wedding Plannerka Mama 3 letniego Miko\u0142aja i kilkumiesi\u0119cznego Maksa. Zakochana w \u017cyciu i swoim M\u0119\u017cu.","sameAs":["https:\/\/agnieszkakudela.pl\/","https:\/\/www.facebook.com\/AgnieszkaKudelaPL"],"url":"https:\/\/agnieszkakudela.pl\/en\/author\/spodkocyka\/"}]}},"_links":{"self":[{"href":"https:\/\/agnieszkakudela.pl\/en\/wp-json\/wp\/v2\/posts\/62061","targetHints":{"allow":["GET"]}}],"collection":[{"href":"https:\/\/agnieszkakudela.pl\/en\/wp-json\/wp\/v2\/posts"}],"about":[{"href":"https:\/\/agnieszkakudela.pl\/en\/wp-json\/wp\/v2\/types\/post"}],"author":[{"embeddable":true,"href":"https:\/\/agnieszkakudela.pl\/en\/wp-json\/wp\/v2\/users\/1"}],"replies":[{"embeddable":true,"href":"https:\/\/agnieszkakudela.pl\/en\/wp-json\/wp\/v2\/comments?post=62061"}],"version-history":[{"count":0,"href":"https:\/\/agnieszkakudela.pl\/en\/wp-json\/wp\/v2\/posts\/62061\/revisions"}],"wp:featuredmedia":[{"embeddable":true,"href":"https:\/\/agnieszkakudela.pl\/en\/wp-json\/wp\/v2\/media\/59564"}],"wp:attachment":[{"href":"https:\/\/agnieszkakudela.pl\/en\/wp-json\/wp\/v2\/media?parent=62061"}],"wp:term":[{"taxonomy":"category","embeddable":true,"href":"https:\/\/agnieszkakudela.pl\/en\/wp-json\/wp\/v2\/categories?post=62061"},{"taxonomy":"post_tag","embeddable":true,"href":"https:\/\/agnieszkakudela.pl\/en\/wp-json\/wp\/v2\/tags?post=62061"}],"curies":[{"name":"wp","href":"https:\/\/api.w.org\/{rel}","templated":true}]}}