{"id":62077,"date":"2013-04-24T13:57:00","date_gmt":"2013-04-24T11:57:00","guid":{"rendered":"https:\/\/dev.agnieszkakudela.pl\/nowe-rozdanie-muffinkowe-kubeczki\/"},"modified":"2023-12-01T10:54:19","modified_gmt":"2023-12-01T09:54:19","slug":"nowe-rozdanie-muffinkowe-kubeczki","status":"publish","type":"post","link":"https:\/\/agnieszkakudela.pl\/en\/nowe-rozdanie-muffinkowe-kubeczki\/","title":{"rendered":"A new deal &#8211; muffin cups!"},"content":{"rendered":"<p>As promised, I have another surprise for you &#8211; two positive muffin cups to give away!<\/p>\n<div class=\"separator\"><\/div>\n<div class=\"separator\">It will be possible to take part in the competition via fb or blog, and I will draw one Winner from among the participants from each group.<\/div>\n<div class=\"separator\"><\/div>\n<div class=\"separator\"><\/div>\n<div class=\"separator\"><b><u>If you want to take part in the competition using facebook:<\/u><\/b><\/div>\n<div class=\"separator\">1. like my profile\u00a0<a href=\"https:\/\/www.facebook.com\/pages\/Spod-kocyka\/441678389184277?fref=ts\" target=\"_blank\" rel=\"noopener\">From under the blanket<\/a><\/div>\n<div class=\"separator\">2. share the competition photo on your profile<\/div>\n<div class=\"separator\">3. Leave a comment under this post with information that you are taking part in the competition using fb and write which cup you would like to draw<\/div>\n<div class=\"separator\"><\/div>\n<div class=\"separator\"><\/div>\n<div class=\"separator\"><\/div>\n<div class=\"separator\"><b><u>If you want to participate in the contest using your blog:<\/u><\/b><\/div>\n<div class=\"separator\"><\/div>\n<div class=\"separator\">1. post a banner with a photo on your blog<\/div>\n<div class=\"separator\">and a link to my blog http:\/\/www.spodkocyka.blogspot.com<\/div>\n<div class=\"separator\">2. add my blog to your watchlist if you want to visit me again<\/div>\n<div class=\"separator\">3. Leave a comment under this post with information that you are taking part in the competition using your blog and with a link to it and write which cup you would like to draw<\/div>\n<div class=\"separator\"><\/div>\n<p>The hand lasts three weeks, so until the end of 2013.05.15 day.<\/p>\n<div class=\"separator\"><\/div>\n<div class=\"separator\">I wish you good luck\u00a0<img decoding=\"async\" class=\"emoji\" role=\"img\" draggable=\"false\" src=\"https:\/\/s.w.org\/images\/core\/emoji\/14.0.0\/svg\/1f642.svg\" alt=\"\" \/><\/div>\n","protected":false},"excerpt":{"rendered":"<p>As promised, I have another surprise for you &#8211; two positive muffin cups to give away! It will be possible to take part in the competition via fb or blog, and I will draw one Winner from among the participants from each group. If you&#8230;<\/p>\n","protected":false},"author":1,"featured_media":54933,"comment_status":"open","ping_status":"open","sticky":false,"template":"","format":"standard","meta":{"footnotes":""},"categories":[776],"tags":[893],"class_list":["post-62077","post","type-post","status-publish","format-standard","has-post-thumbnail","hentry","category-lifestyle-en","tag-contest"],"yoast_head":"<!-- This site is optimized with the Yoast SEO plugin v26.5 - https:\/\/yoast.com\/wordpress\/plugins\/seo\/ -->\n<title>A new deal - muffin cups! - BLOG<\/title>\n<meta name=\"description\" content=\"Czytaj wi\u0119cej na blogu Agnieszki w temacie A new deal - muffin cups! Zapraszam! :)\" \/>\n<meta name=\"robots\" content=\"index, follow, max-snippet:-1, max-image-preview:large, max-video-preview:-1\" \/>\n<meta property=\"og:locale\" content=\"en_US\" \/>\n<meta property=\"og:type\" content=\"article\" \/>\n<meta property=\"og:title\" content=\"A new deal - muffin cups! - BLOG\" \/>\n<meta property=\"og:description\" content=\"Czytaj wi\u0119cej na blogu Agnieszki w temacie A new deal - muffin cups! Zapraszam! :)\" \/>\n<meta property=\"og:url\" content=\"https:\/\/agnieszkakudela.pl\/en\/nowe-rozdanie-muffinkowe-kubeczki\/\" \/>\n<meta property=\"og:site_name\" content=\"AgnieszkaKudela.pl\" \/>\n<meta property=\"article:author\" content=\"https:\/\/www.facebook.com\/AgnieszkaKudelaPL\" \/>\n<meta property=\"article:published_time\" content=\"2013-04-24T11:57:00+00:00\" \/>\n<meta property=\"article:modified_time\" content=\"2023-12-01T09:54:19+00:00\" \/>\n<meta property=\"og:image\" content=\"https:\/\/agnieszkakudela.pl\/wp-content\/uploads\/2013\/04\/DSC_0305.jpg\" \/>\n\t<meta property=\"og:image:width\" content=\"600\" \/>\n\t<meta property=\"og:image:height\" content=\"397\" \/>\n\t<meta property=\"og:image:type\" content=\"image\/jpeg\" \/>\n<meta name=\"author\" content=\"Agnieszka\" \/>\n<meta name=\"twitter:card\" content=\"summary_large_image\" \/>\n<meta name=\"twitter:label1\" content=\"Written by\" \/>\n\t<meta name=\"twitter:data1\" content=\"Agnieszka\" \/>\n\t<meta name=\"twitter:label2\" content=\"Est. reading time\" \/>\n\t<meta name=\"twitter:data2\" content=\"1 minute\" \/>\n<script type=\"application\/ld+json\" class=\"yoast-schema-graph\">{\"@context\":\"https:\/\/schema.org\",\"@graph\":[{\"@type\":\"WebPage\",\"@id\":\"https:\/\/agnieszkakudela.pl\/en\/nowe-rozdanie-muffinkowe-kubeczki\/\",\"url\":\"https:\/\/agnieszkakudela.pl\/en\/nowe-rozdanie-muffinkowe-kubeczki\/\",\"name\":\"A new deal - muffin cups! - BLOG\",\"isPartOf\":{\"@id\":\"https:\/\/agnieszkakudela.pl\/en\/#website\"},\"primaryImageOfPage\":{\"@id\":\"https:\/\/agnieszkakudela.pl\/en\/nowe-rozdanie-muffinkowe-kubeczki\/#primaryimage\"},\"image\":{\"@id\":\"https:\/\/agnieszkakudela.pl\/en\/nowe-rozdanie-muffinkowe-kubeczki\/#primaryimage\"},\"thumbnailUrl\":\"https:\/\/agnieszkakudela.pl\/wp-content\/uploads\/2013\/04\/DSC_0305.jpg\",\"datePublished\":\"2013-04-24T11:57:00+00:00\",\"dateModified\":\"2023-12-01T09:54:19+00:00\",\"author\":{\"@id\":\"https:\/\/agnieszkakudela.pl\/en\/#\/schema\/person\/6bcb4455a2618219c96dcb211322581a\"},\"description\":\"Czytaj wi\u0119cej na blogu Agnieszki w temacie A new deal - muffin cups! Zapraszam! :)\",\"breadcrumb\":{\"@id\":\"https:\/\/agnieszkakudela.pl\/en\/nowe-rozdanie-muffinkowe-kubeczki\/#breadcrumb\"},\"inLanguage\":\"en-US\",\"potentialAction\":[{\"@type\":\"ReadAction\",\"target\":[\"https:\/\/agnieszkakudela.pl\/en\/nowe-rozdanie-muffinkowe-kubeczki\/\"]}]},{\"@type\":\"ImageObject\",\"inLanguage\":\"en-US\",\"@id\":\"https:\/\/agnieszkakudela.pl\/en\/nowe-rozdanie-muffinkowe-kubeczki\/#primaryimage\",\"url\":\"https:\/\/agnieszkakudela.pl\/wp-content\/uploads\/2013\/04\/DSC_0305.jpg\",\"contentUrl\":\"https:\/\/agnieszkakudela.pl\/wp-content\/uploads\/2013\/04\/DSC_0305.jpg\",\"width\":600,\"height\":397},{\"@type\":\"BreadcrumbList\",\"@id\":\"https:\/\/agnieszkakudela.pl\/en\/nowe-rozdanie-muffinkowe-kubeczki\/#breadcrumb\",\"itemListElement\":[{\"@type\":\"ListItem\",\"position\":1,\"name\":\"Strona g\u0142\u00f3wna\",\"item\":\"https:\/\/agnieszkakudela.pl\/en\/\"},{\"@type\":\"ListItem\",\"position\":2,\"name\":\"A new deal &#8211; muffin cups!\"}]},{\"@type\":\"WebSite\",\"@id\":\"https:\/\/agnieszkakudela.pl\/en\/#website\",\"url\":\"https:\/\/agnieszkakudela.pl\/en\/\",\"name\":\"AgnieszkaKudela.pl\",\"description\":\"Blog parentingowy i modowy, prowadzony przez Wedding Plannerk\u0119, Mam\u0119 2,5 letniego Miko\u0142aja, oczekuj\u0105c\u0105 kolejnego Maluszka.\",\"potentialAction\":[{\"@type\":\"SearchAction\",\"target\":{\"@type\":\"EntryPoint\",\"urlTemplate\":\"https:\/\/agnieszkakudela.pl\/en\/?s={search_term_string}\"},\"query-input\":{\"@type\":\"PropertyValueSpecification\",\"valueRequired\":true,\"valueName\":\"search_term_string\"}}],\"inLanguage\":\"en-US\"},{\"@type\":\"Person\",\"@id\":\"https:\/\/agnieszkakudela.pl\/en\/#\/schema\/person\/6bcb4455a2618219c96dcb211322581a\",\"name\":\"Agnieszka\",\"image\":{\"@type\":\"ImageObject\",\"inLanguage\":\"en-US\",\"@id\":\"https:\/\/agnieszkakudela.pl\/en\/#\/schema\/person\/image\/\",\"url\":\"https:\/\/secure.gravatar.com\/avatar\/273e276984ad85ab6128668c9b74de17ce7242096c56402401f29d5962fa11fa?s=96&d=identicon&r=g\",\"contentUrl\":\"https:\/\/secure.gravatar.com\/avatar\/273e276984ad85ab6128668c9b74de17ce7242096c56402401f29d5962fa11fa?s=96&d=identicon&r=g\",\"caption\":\"Agnieszka\"},\"description\":\"Wedding Plannerka Mama 3 letniego Miko\u0142aja i kilkumiesi\u0119cznego Maksa. Zakochana w \u017cyciu i swoim M\u0119\u017cu.\",\"sameAs\":[\"https:\/\/agnieszkakudela.pl\/\",\"https:\/\/www.facebook.com\/AgnieszkaKudelaPL\"],\"url\":\"https:\/\/agnieszkakudela.pl\/en\/author\/spodkocyka\/\"}]}<\/script>\n<!-- \/ Yoast SEO plugin. -->","yoast_head_json":{"title":"A new deal - muffin cups! - BLOG","description":"Czytaj wi\u0119cej na blogu Agnieszki w temacie A new deal - muffin cups! Zapraszam! :)","robots":{"index":"index","follow":"follow","max-snippet":"max-snippet:-1","max-image-preview":"max-image-preview:large","max-video-preview":"max-video-preview:-1"},"og_locale":"en_US","og_type":"article","og_title":"A new deal - muffin cups! - BLOG","og_description":"Czytaj wi\u0119cej na blogu Agnieszki w temacie A new deal - muffin cups! Zapraszam! :)","og_url":"https:\/\/agnieszkakudela.pl\/en\/nowe-rozdanie-muffinkowe-kubeczki\/","og_site_name":"AgnieszkaKudela.pl","article_author":"https:\/\/www.facebook.com\/AgnieszkaKudelaPL","article_published_time":"2013-04-24T11:57:00+00:00","article_modified_time":"2023-12-01T09:54:19+00:00","og_image":[{"width":600,"height":397,"url":"https:\/\/agnieszkakudela.pl\/wp-content\/uploads\/2013\/04\/DSC_0305.jpg","type":"image\/jpeg"}],"author":"Agnieszka","twitter_card":"summary_large_image","twitter_misc":{"Written by":"Agnieszka","Est. reading time":"1 minute"},"schema":{"@context":"https:\/\/schema.org","@graph":[{"@type":"WebPage","@id":"https:\/\/agnieszkakudela.pl\/en\/nowe-rozdanie-muffinkowe-kubeczki\/","url":"https:\/\/agnieszkakudela.pl\/en\/nowe-rozdanie-muffinkowe-kubeczki\/","name":"A new deal - muffin cups! - BLOG","isPartOf":{"@id":"https:\/\/agnieszkakudela.pl\/en\/#website"},"primaryImageOfPage":{"@id":"https:\/\/agnieszkakudela.pl\/en\/nowe-rozdanie-muffinkowe-kubeczki\/#primaryimage"},"image":{"@id":"https:\/\/agnieszkakudela.pl\/en\/nowe-rozdanie-muffinkowe-kubeczki\/#primaryimage"},"thumbnailUrl":"https:\/\/agnieszkakudela.pl\/wp-content\/uploads\/2013\/04\/DSC_0305.jpg","datePublished":"2013-04-24T11:57:00+00:00","dateModified":"2023-12-01T09:54:19+00:00","author":{"@id":"https:\/\/agnieszkakudela.pl\/en\/#\/schema\/person\/6bcb4455a2618219c96dcb211322581a"},"description":"Czytaj wi\u0119cej na blogu Agnieszki w temacie A new deal - muffin cups! Zapraszam! :)","breadcrumb":{"@id":"https:\/\/agnieszkakudela.pl\/en\/nowe-rozdanie-muffinkowe-kubeczki\/#breadcrumb"},"inLanguage":"en-US","potentialAction":[{"@type":"ReadAction","target":["https:\/\/agnieszkakudela.pl\/en\/nowe-rozdanie-muffinkowe-kubeczki\/"]}]},{"@type":"ImageObject","inLanguage":"en-US","@id":"https:\/\/agnieszkakudela.pl\/en\/nowe-rozdanie-muffinkowe-kubeczki\/#primaryimage","url":"https:\/\/agnieszkakudela.pl\/wp-content\/uploads\/2013\/04\/DSC_0305.jpg","contentUrl":"https:\/\/agnieszkakudela.pl\/wp-content\/uploads\/2013\/04\/DSC_0305.jpg","width":600,"height":397},{"@type":"BreadcrumbList","@id":"https:\/\/agnieszkakudela.pl\/en\/nowe-rozdanie-muffinkowe-kubeczki\/#breadcrumb","itemListElement":[{"@type":"ListItem","position":1,"name":"Strona g\u0142\u00f3wna","item":"https:\/\/agnieszkakudela.pl\/en\/"},{"@type":"ListItem","position":2,"name":"A new deal &#8211; muffin cups!"}]},{"@type":"WebSite","@id":"https:\/\/agnieszkakudela.pl\/en\/#website","url":"https:\/\/agnieszkakudela.pl\/en\/","name":"AgnieszkaKudela.pl","description":"Blog parentingowy i modowy, prowadzony przez Wedding Plannerk\u0119, Mam\u0119 2,5 letniego Miko\u0142aja, oczekuj\u0105c\u0105 kolejnego Maluszka.","potentialAction":[{"@type":"SearchAction","target":{"@type":"EntryPoint","urlTemplate":"https:\/\/agnieszkakudela.pl\/en\/?s={search_term_string}"},"query-input":{"@type":"PropertyValueSpecification","valueRequired":true,"valueName":"search_term_string"}}],"inLanguage":"en-US"},{"@type":"Person","@id":"https:\/\/agnieszkakudela.pl\/en\/#\/schema\/person\/6bcb4455a2618219c96dcb211322581a","name":"Agnieszka","image":{"@type":"ImageObject","inLanguage":"en-US","@id":"https:\/\/agnieszkakudela.pl\/en\/#\/schema\/person\/image\/","url":"https:\/\/secure.gravatar.com\/avatar\/273e276984ad85ab6128668c9b74de17ce7242096c56402401f29d5962fa11fa?s=96&d=identicon&r=g","contentUrl":"https:\/\/secure.gravatar.com\/avatar\/273e276984ad85ab6128668c9b74de17ce7242096c56402401f29d5962fa11fa?s=96&d=identicon&r=g","caption":"Agnieszka"},"description":"Wedding Plannerka Mama 3 letniego Miko\u0142aja i kilkumiesi\u0119cznego Maksa. Zakochana w \u017cyciu i swoim M\u0119\u017cu.","sameAs":["https:\/\/agnieszkakudela.pl\/","https:\/\/www.facebook.com\/AgnieszkaKudelaPL"],"url":"https:\/\/agnieszkakudela.pl\/en\/author\/spodkocyka\/"}]}},"_links":{"self":[{"href":"https:\/\/agnieszkakudela.pl\/en\/wp-json\/wp\/v2\/posts\/62077","targetHints":{"allow":["GET"]}}],"collection":[{"href":"https:\/\/agnieszkakudela.pl\/en\/wp-json\/wp\/v2\/posts"}],"about":[{"href":"https:\/\/agnieszkakudela.pl\/en\/wp-json\/wp\/v2\/types\/post"}],"author":[{"embeddable":true,"href":"https:\/\/agnieszkakudela.pl\/en\/wp-json\/wp\/v2\/users\/1"}],"replies":[{"embeddable":true,"href":"https:\/\/agnieszkakudela.pl\/en\/wp-json\/wp\/v2\/comments?post=62077"}],"version-history":[{"count":0,"href":"https:\/\/agnieszkakudela.pl\/en\/wp-json\/wp\/v2\/posts\/62077\/revisions"}],"wp:featuredmedia":[{"embeddable":true,"href":"https:\/\/agnieszkakudela.pl\/en\/wp-json\/wp\/v2\/media\/54933"}],"wp:attachment":[{"href":"https:\/\/agnieszkakudela.pl\/en\/wp-json\/wp\/v2\/media?parent=62077"}],"wp:term":[{"taxonomy":"category","embeddable":true,"href":"https:\/\/agnieszkakudela.pl\/en\/wp-json\/wp\/v2\/categories?post=62077"},{"taxonomy":"post_tag","embeddable":true,"href":"https:\/\/agnieszkakudela.pl\/en\/wp-json\/wp\/v2\/tags?post=62077"}],"curies":[{"name":"wp","href":"https:\/\/api.w.org\/{rel}","templated":true}]}}