{"id":62203,"date":"2023-12-04T10:01:57","date_gmt":"2023-12-04T09:01:57","guid":{"rendered":"https:\/\/dev.agnieszkakudela.pl\/najczesciej-popelniane-bledy-w-organizacji-wesela-ekspert-w-dzien-dobry-tvn-obejrzyj-odcinek\/"},"modified":"2023-12-06T10:21:36","modified_gmt":"2023-12-06T09:21:36","slug":"najczesciej-popelniane-bledy-w-organizacji-wesela-ekspert-w-dzien-dobry-tvn-obejrzyj-odcinek","status":"publish","type":"post","link":"https:\/\/agnieszkakudela.pl\/en\/najczesciej-popelniane-bledy-w-organizacji-wesela-ekspert-w-dzien-dobry-tvn-obejrzyj-odcinek\/","title":{"rendered":"The most common mistakes when organizing a wedding &#8211; Expert in Dzie\u0144 Dobry TVN &#8211; watch the episode"},"content":{"rendered":"<p>On my way to a family holiday in Mi\u0119dzyzdroje, the production called me<strong>\u00a0Good morning TVN<\/strong>\u00a0asking what are the most common mistakes made by young couples when organizing a wedding &#8211; one of my favorites, sharing tips on how to avoid them.<\/p>\n<p><!--more--><\/p>\n<article id=\"https:\/\/agnieszkakudela.pl\/agnieszka-kudela-dzien-dobry-tvn-bledy-w-slubach\/\" class=\"post-54523 post type-post status-publish format-standard has-post-thumbnail hentry category-konsultant-slubny category-organizacja category-polecane category-wedding-planner\" data-initial-post=\"true\">\n<div class=\"qodef-post-content\">\n<div class=\"qodef-post-text\">\n<div class=\"qodef-post-text-inner clearfix\">\n<article id=\"https:\/\/agnieszkakudela.pl\/agnieszka-kudela-dzien-dobry-tvn-bledy-w-slubach\/\" class=\"post-54523 post type-post status-publish format-standard has-post-thumbnail hentry category-konsultant-slubny category-organizacja category-polecane category-wedding-planner\" data-initial-post=\"true\">\n<div class=\"qodef-post-content\">\n<div class=\"qodef-post-text\">\n<div class=\"qodef-post-text-inner clearfix\">\n<p class=\"gt-block\">I love sharing the knowledge and experience gained over 13 years of running the Wytw\u00f3rnia \u015alub\u00f3w wedding agency and 8 years\u00a0<strong>sharing knowledge about how to become a wedding planner and be successful in my career\u00a0<a href=\"https:\/\/akademia.wytworniaslubow.pl\/\">Academy of Wedding Studios<\/a>\u00a0<\/strong>\u2013 these are extraordinary opportunities that make it possible\u00a0<strong>turn mistakes into lessons<\/strong>, and if I can still take advantage of the huge viewership of breakfast television and\u00a0<strong>take wedding education further<\/strong>\u00a0\u2013 here I am\u00a0<img decoding=\"async\" class=\"emoji\" role=\"img\" draggable=\"false\" src=\"https:\/\/s.w.org\/images\/core\/emoji\/14.0.0\/svg\/1f642.svg\" alt=\"\" \/><\/p>\n<p>&nbsp;<\/p>\n<p class=\"gt-block\">This time I sat down in the sofa corner with&#8230;\u00a0<strong>Dorota Wellman and Marcin Prokop<\/strong>, and the next two entries were from\u00a0<strong>Robert Stockinger \u2013 a wonderful journalistic trio<\/strong>, see for yourself.<\/p>\n<p>&nbsp;<\/p>\n<p><a href=\"https:\/\/dziendobry.tvn.pl\/styl-zycia\/slub-i-wesele\/jakie-bledy-przy-organizacji-wesela-najczesciej-popelniaja-pary-mlode-czat-z-ekspertem-st7313895\"><img loading=\"lazy\" decoding=\"async\" class=\"alignnone wp-image-54524 size-large\" src=\"https:\/\/agnieszkakudela.pl\/wp-content\/uploads\/2023\/12\/Agnieszka-Kudela-Dzien-dobry-TVN-bledy-w-organizacji-slubow-1024x576.png\" sizes=\"auto, (max-width: 1024px) 100vw, 1024px\" srcset=\"https:\/\/agnieszkakudela.pl\/wp-content\/uploads\/2023\/12\/Agnieszka-Kudela-Dzien-dobry-TVN-bledy-w-organizacji-slubow-1024x576.png 1024w, https:\/\/agnieszkakudela.pl\/wp-content\/uploads\/2023\/12\/Agnieszka-Kudela-Dzien-dobry-TVN-bledy-w-organizacji-slubow-300x169.png 300w, https:\/\/agnieszkakudela.pl\/wp-content\/uploads\/2023\/12\/Agnieszka-Kudela-Dzien-dobry-TVN-bledy-w-organizacji-slubow-768x432.png 768w, https:\/\/agnieszkakudela.pl\/wp-content\/uploads\/2023\/12\/Agnieszka-Kudela-Dzien-dobry-TVN-bledy-w-organizacji-slubow-600x338.png 600w, https:\/\/agnieszkakudela.pl\/wp-content\/uploads\/2023\/12\/Agnieszka-Kudela-Dzien-dobry-TVN-bledy-w-organizacji-slubow.png 1280w\" alt=\"Agnieszka Kudela, a wedding planner on Dzie\u0144 Dobry TVN, talks about the most common mistakes in organizing weddings.\" width=\"1024\" height=\"576\" \/><\/a><\/p>\n<p>&nbsp;<\/p>\n<p class=\"gt-block\">You can now\u00a0<a href=\"https:\/\/dziendobry.tvn.pl\/styl-zycia\/slub-i-wesele\/jakie-bledy-przy-organizacji-wesela-najczesciej-popelniaja-pary-mlode-czat-z-ekspertem-st7313895\">watch the full episode<\/a>, and here I have a few more photos from the studio for you.<\/p>\n<p>&nbsp;<\/p>\n<p class=\"gt-block\"><strong>Take the elevator to the top floor to the studio<\/strong>\u00a0\u2013 in sneakers and minimalist make-up, of course.<\/p>\n<p><img loading=\"lazy\" decoding=\"async\" class=\"alignnone size-large wp-image-54525\" src=\"https:\/\/agnieszkakudela.pl\/wp-content\/uploads\/2023\/12\/Agnieszka-Kudela-Dzien-dobry-TVN-Bledy-w-organizacji-slubu-13-768x1024.jpg\" sizes=\"auto, (max-width: 768px) 100vw, 768px\" srcset=\"https:\/\/agnieszkakudela.pl\/wp-content\/uploads\/2023\/12\/Agnieszka-Kudela-Dzien-dobry-TVN-Bledy-w-organizacji-slubu-13-768x1024.jpg 768w, https:\/\/agnieszkakudela.pl\/wp-content\/uploads\/2023\/12\/Agnieszka-Kudela-Dzien-dobry-TVN-Bledy-w-organizacji-slubu-13-225x300.jpg 225w, https:\/\/agnieszkakudela.pl\/wp-content\/uploads\/2023\/12\/Agnieszka-Kudela-Dzien-dobry-TVN-Bledy-w-organizacji-slubu-13-1152x1536.jpg 1152w, https:\/\/agnieszkakudela.pl\/wp-content\/uploads\/2023\/12\/Agnieszka-Kudela-Dzien-dobry-TVN-Bledy-w-organizacji-slubu-13-1536x2048.jpg 1536w, https:\/\/agnieszkakudela.pl\/wp-content\/uploads\/2023\/12\/Agnieszka-Kudela-Dzien-dobry-TVN-Bledy-w-organizacji-slubu-13-600x800.jpg 600w, https:\/\/agnieszkakudela.pl\/wp-content\/uploads\/2023\/12\/Agnieszka-Kudela-Dzien-dobry-TVN-Bledy-w-organizacji-slubu-13-scaled.jpg 1920w\" alt=\"\" width=\"768\" height=\"1024\" \/><\/p>\n<p>&nbsp;<\/p>\n<p class=\"gt-block\">The eternal question when going to TV &#8211; should you do your makeup yourself or leave it to professionals?\u00a0<strong>It once happened to me that there was such a delay in the studio that we had 8 minutes for makeup<\/strong>, since then I have been doing my own make-up in the mini version and on the spot I only ask for a beautiful eye and contouring \ud83d\ude42<\/p>\n<p>&nbsp;<\/p>\n<p><img loading=\"lazy\" decoding=\"async\" class=\"alignnone size-large wp-image-54536\" src=\"https:\/\/agnieszkakudela.pl\/wp-content\/uploads\/2023\/12\/Agnieszka-Kudela-Dzien-dobry-TVN-Bledy-w-organizacji-slubu-15-768x1024.jpg\" sizes=\"auto, (max-width: 768px) 100vw, 768px\" srcset=\"https:\/\/agnieszkakudela.pl\/wp-content\/uploads\/2023\/12\/Agnieszka-Kudela-Dzien-dobry-TVN-Bledy-w-organizacji-slubu-15-768x1024.jpg 768w, https:\/\/agnieszkakudela.pl\/wp-content\/uploads\/2023\/12\/Agnieszka-Kudela-Dzien-dobry-TVN-Bledy-w-organizacji-slubu-15-225x300.jpg 225w, https:\/\/agnieszkakudela.pl\/wp-content\/uploads\/2023\/12\/Agnieszka-Kudela-Dzien-dobry-TVN-Bledy-w-organizacji-slubu-15-1152x1536.jpg 1152w, https:\/\/agnieszkakudela.pl\/wp-content\/uploads\/2023\/12\/Agnieszka-Kudela-Dzien-dobry-TVN-Bledy-w-organizacji-slubu-15-1536x2048.jpg 1536w, https:\/\/agnieszkakudela.pl\/wp-content\/uploads\/2023\/12\/Agnieszka-Kudela-Dzien-dobry-TVN-Bledy-w-organizacji-slubu-15-600x800.jpg 600w, https:\/\/agnieszkakudela.pl\/wp-content\/uploads\/2023\/12\/Agnieszka-Kudela-Dzien-dobry-TVN-Bledy-w-organizacji-slubu-15-scaled.jpg 1920w\" alt=\"\" width=\"768\" height=\"1024\" \/><\/p>\n<p>&nbsp;<\/p>\n<p class=\"gt-block\">The makeup is ready, just one more thing\u00a0<strong>I will change my sneakers for my favorite high heels<\/strong>&#8230;<\/p>\n<p>&nbsp;<\/p>\n<p><img loading=\"lazy\" decoding=\"async\" class=\"alignnone size-large wp-image-54543\" src=\"https:\/\/agnieszkakudela.pl\/wp-content\/uploads\/2023\/12\/Agnieszka-Kudela-Dzien-dobry-TVN-Bledy-w-organizacji-slubu-24-768x1024.jpg\" sizes=\"auto, (max-width: 768px) 100vw, 768px\" srcset=\"https:\/\/agnieszkakudela.pl\/wp-content\/uploads\/2023\/12\/Agnieszka-Kudela-Dzien-dobry-TVN-Bledy-w-organizacji-slubu-24-768x1024.jpg 768w, https:\/\/agnieszkakudela.pl\/wp-content\/uploads\/2023\/12\/Agnieszka-Kudela-Dzien-dobry-TVN-Bledy-w-organizacji-slubu-24-225x300.jpg 225w, https:\/\/agnieszkakudela.pl\/wp-content\/uploads\/2023\/12\/Agnieszka-Kudela-Dzien-dobry-TVN-Bledy-w-organizacji-slubu-24-1152x1536.jpg 1152w, https:\/\/agnieszkakudela.pl\/wp-content\/uploads\/2023\/12\/Agnieszka-Kudela-Dzien-dobry-TVN-Bledy-w-organizacji-slubu-24-1536x2048.jpg 1536w, https:\/\/agnieszkakudela.pl\/wp-content\/uploads\/2023\/12\/Agnieszka-Kudela-Dzien-dobry-TVN-Bledy-w-organizacji-slubu-24-600x800.jpg 600w, https:\/\/agnieszkakudela.pl\/wp-content\/uploads\/2023\/12\/Agnieszka-Kudela-Dzien-dobry-TVN-Bledy-w-organizacji-slubu-24-scaled.jpg 1920w\" alt=\"\" width=\"768\" height=\"1024\" \/><\/p>\n<p>&nbsp;<\/p>\n<p>And here I am \ud83d\ude42<\/p>\n<p>&nbsp;<\/p>\n<p><img loading=\"lazy\" decoding=\"async\" class=\"alignnone size-large wp-image-54537\" src=\"https:\/\/agnieszkakudela.pl\/wp-content\/uploads\/2023\/12\/Agnieszka-Kudela-Dzien-dobry-TVN-Bledy-w-organizacji-slubu-18-576x1024.jpg\" sizes=\"auto, (max-width: 576px) 100vw, 576px\" srcset=\"https:\/\/agnieszkakudela.pl\/wp-content\/uploads\/2023\/12\/Agnieszka-Kudela-Dzien-dobry-TVN-Bledy-w-organizacji-slubu-18-576x1024.jpg 576w, https:\/\/agnieszkakudela.pl\/wp-content\/uploads\/2023\/12\/Agnieszka-Kudela-Dzien-dobry-TVN-Bledy-w-organizacji-slubu-18-169x300.jpg 169w, https:\/\/agnieszkakudela.pl\/wp-content\/uploads\/2023\/12\/Agnieszka-Kudela-Dzien-dobry-TVN-Bledy-w-organizacji-slubu-18-768x1365.jpg 768w, https:\/\/agnieszkakudela.pl\/wp-content\/uploads\/2023\/12\/Agnieszka-Kudela-Dzien-dobry-TVN-Bledy-w-organizacji-slubu-18-864x1536.jpg 864w, https:\/\/agnieszkakudela.pl\/wp-content\/uploads\/2023\/12\/Agnieszka-Kudela-Dzien-dobry-TVN-Bledy-w-organizacji-slubu-18-1152x2048.jpg 1152w, https:\/\/agnieszkakudela.pl\/wp-content\/uploads\/2023\/12\/Agnieszka-Kudela-Dzien-dobry-TVN-Bledy-w-organizacji-slubu-18-600x1067.jpg 600w, https:\/\/agnieszkakudela.pl\/wp-content\/uploads\/2023\/12\/Agnieszka-Kudela-Dzien-dobry-TVN-Bledy-w-organizacji-slubu-18-scaled.jpg 1440w\" alt=\"\" width=\"576\" height=\"1024\" \/><\/p>\n<p>&nbsp;<\/p>\n<p>I&#8217;m waiting for my entrance and this is the view from the couch of the kitchen studio, where I feel like most of what&#8217;s going on behind the scenes\u00a0<img decoding=\"async\" class=\"emoji\" role=\"img\" draggable=\"false\" src=\"https:\/\/s.w.org\/images\/core\/emoji\/14.0.0\/svg\/1f609.svg\" alt=\"\" \/><\/p>\n<p>&nbsp;<\/p>\n<p><img loading=\"lazy\" decoding=\"async\" class=\"alignnone size-large wp-image-54539\" src=\"https:\/\/agnieszkakudela.pl\/wp-content\/uploads\/2023\/12\/Agnieszka-Kudela-Dzien-dobry-TVN-Bledy-w-organizacji-slubu-21-768x1024.jpg\" sizes=\"auto, (max-width: 768px) 100vw, 768px\" srcset=\"https:\/\/agnieszkakudela.pl\/wp-content\/uploads\/2023\/12\/Agnieszka-Kudela-Dzien-dobry-TVN-Bledy-w-organizacji-slubu-21-768x1024.jpg 768w, https:\/\/agnieszkakudela.pl\/wp-content\/uploads\/2023\/12\/Agnieszka-Kudela-Dzien-dobry-TVN-Bledy-w-organizacji-slubu-21-225x300.jpg 225w, https:\/\/agnieszkakudela.pl\/wp-content\/uploads\/2023\/12\/Agnieszka-Kudela-Dzien-dobry-TVN-Bledy-w-organizacji-slubu-21-1152x1536.jpg 1152w, https:\/\/agnieszkakudela.pl\/wp-content\/uploads\/2023\/12\/Agnieszka-Kudela-Dzien-dobry-TVN-Bledy-w-organizacji-slubu-21-1536x2048.jpg 1536w, https:\/\/agnieszkakudela.pl\/wp-content\/uploads\/2023\/12\/Agnieszka-Kudela-Dzien-dobry-TVN-Bledy-w-organizacji-slubu-21-600x800.jpg 600w, https:\/\/agnieszkakudela.pl\/wp-content\/uploads\/2023\/12\/Agnieszka-Kudela-Dzien-dobry-TVN-Bledy-w-organizacji-slubu-21-scaled.jpg 1920w\" alt=\"\" width=\"768\" height=\"1024\" \/><\/p>\n<p>&nbsp;<\/p>\n<p class=\"gt-block\">Juhu! My favorite moment is when<strong>\u00a0I am receiving these photos from your TVs<\/strong>\u00a0and so many nice words!<\/p>\n<p>&nbsp;<\/p>\n<p><img loading=\"lazy\" decoding=\"async\" class=\"alignnone wp-image-54544 size-large\" src=\"https:\/\/agnieszkakudela.pl\/wp-content\/uploads\/2023\/12\/Agnieszka-Kudela-Dzien-dobry-TVN-Bledy-w-organizacji-slubu-2-1024x768.jpg\" sizes=\"auto, (max-width: 1024px) 100vw, 1024px\" srcset=\"https:\/\/agnieszkakudela.pl\/wp-content\/uploads\/2023\/12\/Agnieszka-Kudela-Dzien-dobry-TVN-Bledy-w-organizacji-slubu-2-1024x768.jpg 1024w, https:\/\/agnieszkakudela.pl\/wp-content\/uploads\/2023\/12\/Agnieszka-Kudela-Dzien-dobry-TVN-Bledy-w-organizacji-slubu-2-300x225.jpg 300w, https:\/\/agnieszkakudela.pl\/wp-content\/uploads\/2023\/12\/Agnieszka-Kudela-Dzien-dobry-TVN-Bledy-w-organizacji-slubu-2-768x576.jpg 768w, https:\/\/agnieszkakudela.pl\/wp-content\/uploads\/2023\/12\/Agnieszka-Kudela-Dzien-dobry-TVN-Bledy-w-organizacji-slubu-2-1536x1152.jpg 1536w, https:\/\/agnieszkakudela.pl\/wp-content\/uploads\/2023\/12\/Agnieszka-Kudela-Dzien-dobry-TVN-Bledy-w-organizacji-slubu-2-800x600.jpg 800w, https:\/\/agnieszkakudela.pl\/wp-content\/uploads\/2023\/12\/Agnieszka-Kudela-Dzien-dobry-TVN-Bledy-w-organizacji-slubu-2-600x450.jpg 600w, https:\/\/agnieszkakudela.pl\/wp-content\/uploads\/2023\/12\/Agnieszka-Kudela-Dzien-dobry-TVN-Bledy-w-organizacji-slubu-2.jpg 1640w\" alt=\"\" width=\"1024\" height=\"768\" \/><\/p>\n<p><img loading=\"lazy\" decoding=\"async\" class=\"alignnone size-large wp-image-54545\" src=\"https:\/\/agnieszkakudela.pl\/wp-content\/uploads\/2023\/12\/Agnieszka-Kudela-Dzien-dobry-TVN-Bledy-w-organizacji-slubu-26-576x1024.jpg\" sizes=\"auto, (max-width: 576px) 100vw, 576px\" srcset=\"https:\/\/agnieszkakudela.pl\/wp-content\/uploads\/2023\/12\/Agnieszka-Kudela-Dzien-dobry-TVN-Bledy-w-organizacji-slubu-26-576x1024.jpg 576w, https:\/\/agnieszkakudela.pl\/wp-content\/uploads\/2023\/12\/Agnieszka-Kudela-Dzien-dobry-TVN-Bledy-w-organizacji-slubu-26-169x300.jpg 169w, https:\/\/agnieszkakudela.pl\/wp-content\/uploads\/2023\/12\/Agnieszka-Kudela-Dzien-dobry-TVN-Bledy-w-organizacji-slubu-26-768x1365.jpg 768w, https:\/\/agnieszkakudela.pl\/wp-content\/uploads\/2023\/12\/Agnieszka-Kudela-Dzien-dobry-TVN-Bledy-w-organizacji-slubu-26-864x1536.jpg 864w, https:\/\/agnieszkakudela.pl\/wp-content\/uploads\/2023\/12\/Agnieszka-Kudela-Dzien-dobry-TVN-Bledy-w-organizacji-slubu-26-1152x2048.jpg 1152w, https:\/\/agnieszkakudela.pl\/wp-content\/uploads\/2023\/12\/Agnieszka-Kudela-Dzien-dobry-TVN-Bledy-w-organizacji-slubu-26-600x1067.jpg 600w, https:\/\/agnieszkakudela.pl\/wp-content\/uploads\/2023\/12\/Agnieszka-Kudela-Dzien-dobry-TVN-Bledy-w-organizacji-slubu-26.jpg 1179w\" alt=\"\" width=\"576\" height=\"1024\" \/><img loading=\"lazy\" decoding=\"async\" class=\"alignnone size-large wp-image-54546\" src=\"https:\/\/agnieszkakudela.pl\/wp-content\/uploads\/2023\/12\/Agnieszka-Kudela-Dzien-dobry-TVN-Bledy-w-organizacji-slubu-27-576x1024.jpg\" sizes=\"auto, (max-width: 576px) 100vw, 576px\" srcset=\"https:\/\/agnieszkakudela.pl\/wp-content\/uploads\/2023\/12\/Agnieszka-Kudela-Dzien-dobry-TVN-Bledy-w-organizacji-slubu-27-576x1024.jpg 576w, https:\/\/agnieszkakudela.pl\/wp-content\/uploads\/2023\/12\/Agnieszka-Kudela-Dzien-dobry-TVN-Bledy-w-organizacji-slubu-27-169x300.jpg 169w, https:\/\/agnieszkakudela.pl\/wp-content\/uploads\/2023\/12\/Agnieszka-Kudela-Dzien-dobry-TVN-Bledy-w-organizacji-slubu-27-768x1365.jpg 768w, https:\/\/agnieszkakudela.pl\/wp-content\/uploads\/2023\/12\/Agnieszka-Kudela-Dzien-dobry-TVN-Bledy-w-organizacji-slubu-27-864x1536.jpg 864w, https:\/\/agnieszkakudela.pl\/wp-content\/uploads\/2023\/12\/Agnieszka-Kudela-Dzien-dobry-TVN-Bledy-w-organizacji-slubu-27-1152x2048.jpg 1152w, https:\/\/agnieszkakudela.pl\/wp-content\/uploads\/2023\/12\/Agnieszka-Kudela-Dzien-dobry-TVN-Bledy-w-organizacji-slubu-27-600x1067.jpg 600w, https:\/\/agnieszkakudela.pl\/wp-content\/uploads\/2023\/12\/Agnieszka-Kudela-Dzien-dobry-TVN-Bledy-w-organizacji-slubu-27.jpg 1179w\" alt=\"\" width=\"576\" height=\"1024\" \/><\/p>\n<p class=\"gt-block\">This time except\u00a0<strong>3 times I went on the air, I was a chat expert<\/strong>, so I spent the entire episode there, but there is such a wonderful atmosphere that I spent the entire morning there with great pleasure.<\/p>\n<p>&nbsp;<\/p>\n<p><img loading=\"lazy\" decoding=\"async\" class=\"alignnone size-large wp-image-54532\" src=\"https:\/\/agnieszkakudela.pl\/wp-content\/uploads\/2023\/12\/Agnieszka-Kudela-Dzien-dobry-TVN-Bledy-w-organizacji-slubu-8-768x1024.jpg\" sizes=\"auto, (max-width: 768px) 100vw, 768px\" srcset=\"https:\/\/agnieszkakudela.pl\/wp-content\/uploads\/2023\/12\/Agnieszka-Kudela-Dzien-dobry-TVN-Bledy-w-organizacji-slubu-8-768x1024.jpg 768w, https:\/\/agnieszkakudela.pl\/wp-content\/uploads\/2023\/12\/Agnieszka-Kudela-Dzien-dobry-TVN-Bledy-w-organizacji-slubu-8-225x300.jpg 225w, https:\/\/agnieszkakudela.pl\/wp-content\/uploads\/2023\/12\/Agnieszka-Kudela-Dzien-dobry-TVN-Bledy-w-organizacji-slubu-8-1152x1536.jpg 1152w, https:\/\/agnieszkakudela.pl\/wp-content\/uploads\/2023\/12\/Agnieszka-Kudela-Dzien-dobry-TVN-Bledy-w-organizacji-slubu-8-600x800.jpg 600w, https:\/\/agnieszkakudela.pl\/wp-content\/uploads\/2023\/12\/Agnieszka-Kudela-Dzien-dobry-TVN-Bledy-w-organizacji-slubu-8.jpg 1536w\" alt=\"\" width=\"768\" height=\"1024\" \/>\u00a0<img loading=\"lazy\" decoding=\"async\" class=\"alignnone size-large wp-image-54529\" src=\"https:\/\/agnieszkakudela.pl\/wp-content\/uploads\/2023\/12\/Agnieszka-Kudela-Dzien-dobry-TVN-Bledy-w-organizacji-slubu-5-768x1024.jpg\" sizes=\"auto, (max-width: 768px) 100vw, 768px\" srcset=\"https:\/\/agnieszkakudela.pl\/wp-content\/uploads\/2023\/12\/Agnieszka-Kudela-Dzien-dobry-TVN-Bledy-w-organizacji-slubu-5-768x1024.jpg 768w, https:\/\/agnieszkakudela.pl\/wp-content\/uploads\/2023\/12\/Agnieszka-Kudela-Dzien-dobry-TVN-Bledy-w-organizacji-slubu-5-225x300.jpg 225w, https:\/\/agnieszkakudela.pl\/wp-content\/uploads\/2023\/12\/Agnieszka-Kudela-Dzien-dobry-TVN-Bledy-w-organizacji-slubu-5-1152x1536.jpg 1152w, https:\/\/agnieszkakudela.pl\/wp-content\/uploads\/2023\/12\/Agnieszka-Kudela-Dzien-dobry-TVN-Bledy-w-organizacji-slubu-5-600x800.jpg 600w, https:\/\/agnieszkakudela.pl\/wp-content\/uploads\/2023\/12\/Agnieszka-Kudela-Dzien-dobry-TVN-Bledy-w-organizacji-slubu-5.jpg 1536w\" alt=\"\" width=\"768\" height=\"1024\" \/>\u00a0<img loading=\"lazy\" decoding=\"async\" class=\"alignnone size-large wp-image-54534\" src=\"https:\/\/agnieszkakudela.pl\/wp-content\/uploads\/2023\/12\/Agnieszka-Kudela-Dzien-dobry-TVN-Bledy-w-organizacji-slubu-10-1024x865.jpg\" sizes=\"auto, (max-width: 1024px) 100vw, 1024px\" srcset=\"https:\/\/agnieszkakudela.pl\/wp-content\/uploads\/2023\/12\/Agnieszka-Kudela-Dzien-dobry-TVN-Bledy-w-organizacji-slubu-10-1024x865.jpg 1024w, https:\/\/agnieszkakudela.pl\/wp-content\/uploads\/2023\/12\/Agnieszka-Kudela-Dzien-dobry-TVN-Bledy-w-organizacji-slubu-10-300x253.jpg 300w, https:\/\/agnieszkakudela.pl\/wp-content\/uploads\/2023\/12\/Agnieszka-Kudela-Dzien-dobry-TVN-Bledy-w-organizacji-slubu-10-768x649.jpg 768w, https:\/\/agnieszkakudela.pl\/wp-content\/uploads\/2023\/12\/Agnieszka-Kudela-Dzien-dobry-TVN-Bledy-w-organizacji-slubu-10-600x507.jpg 600w, https:\/\/agnieszkakudela.pl\/wp-content\/uploads\/2023\/12\/Agnieszka-Kudela-Dzien-dobry-TVN-Bledy-w-organizacji-slubu-10.jpg 1536w\" alt=\"\" width=\"1024\" height=\"865\" \/><\/p>\n<p>&nbsp;<\/p>\n<p class=\"gt-block\">And then I was lucky enough to go on\u00a0<strong>birthday brunch with wonderful\u00a0<a href=\"https:\/\/www.magdalenamizera.pl\/\">Magdalena Mizera \u2013 wedding photographer<\/a><\/strong>\u00a0and our court family and business photographer &#8211; Magda has been responsible for about 50% of our professional photos for years and it was impossible, and she is such a sensitive and wonderful person that there was probably no way for this invisible thread of communication between us not to be established. Thank you, Madzia &lt;3<\/p>\n<p>&nbsp;<\/p>\n<p><img loading=\"lazy\" decoding=\"async\" class=\"alignnone size-large wp-image-54528\" src=\"https:\/\/agnieszkakudela.pl\/wp-content\/uploads\/2023\/12\/Agnieszka-Kudela-Dzien-dobry-TVN-Bledy-w-organizacji-slubu-4-768x1024.jpg\" sizes=\"auto, (max-width: 768px) 100vw, 768px\" srcset=\"https:\/\/agnieszkakudela.pl\/wp-content\/uploads\/2023\/12\/Agnieszka-Kudela-Dzien-dobry-TVN-Bledy-w-organizacji-slubu-4-768x1024.jpg 768w, https:\/\/agnieszkakudela.pl\/wp-content\/uploads\/2023\/12\/Agnieszka-Kudela-Dzien-dobry-TVN-Bledy-w-organizacji-slubu-4-225x300.jpg 225w, https:\/\/agnieszkakudela.pl\/wp-content\/uploads\/2023\/12\/Agnieszka-Kudela-Dzien-dobry-TVN-Bledy-w-organizacji-slubu-4-1152x1536.jpg 1152w, https:\/\/agnieszkakudela.pl\/wp-content\/uploads\/2023\/12\/Agnieszka-Kudela-Dzien-dobry-TVN-Bledy-w-organizacji-slubu-4-600x800.jpg 600w, https:\/\/agnieszkakudela.pl\/wp-content\/uploads\/2023\/12\/Agnieszka-Kudela-Dzien-dobry-TVN-Bledy-w-organizacji-slubu-4.jpg 1536w\" alt=\"\" width=\"768\" height=\"1024\" \/>\u00a0<img loading=\"lazy\" decoding=\"async\" class=\"alignnone size-large wp-image-54541\" src=\"https:\/\/agnieszkakudela.pl\/wp-content\/uploads\/2023\/12\/Agnieszka-Kudela-Dzien-dobry-TVN-Bledy-w-organizacji-slubu-23-768x1024.jpg\" sizes=\"auto, (max-width: 768px) 100vw, 768px\" srcset=\"https:\/\/agnieszkakudela.pl\/wp-content\/uploads\/2023\/12\/Agnieszka-Kudela-Dzien-dobry-TVN-Bledy-w-organizacji-slubu-23-768x1024.jpg 768w, https:\/\/agnieszkakudela.pl\/wp-content\/uploads\/2023\/12\/Agnieszka-Kudela-Dzien-dobry-TVN-Bledy-w-organizacji-slubu-23-225x300.jpg 225w, https:\/\/agnieszkakudela.pl\/wp-content\/uploads\/2023\/12\/Agnieszka-Kudela-Dzien-dobry-TVN-Bledy-w-organizacji-slubu-23-1152x1536.jpg 1152w, https:\/\/agnieszkakudela.pl\/wp-content\/uploads\/2023\/12\/Agnieszka-Kudela-Dzien-dobry-TVN-Bledy-w-organizacji-slubu-23-1536x2048.jpg 1536w, https:\/\/agnieszkakudela.pl\/wp-content\/uploads\/2023\/12\/Agnieszka-Kudela-Dzien-dobry-TVN-Bledy-w-organizacji-slubu-23-600x800.jpg 600w, https:\/\/agnieszkakudela.pl\/wp-content\/uploads\/2023\/12\/Agnieszka-Kudela-Dzien-dobry-TVN-Bledy-w-organizacji-slubu-23-scaled.jpg 1920w\" alt=\"\" width=\"768\" height=\"1024\" \/><\/p>\n<p>&nbsp;<\/p>\n<p class=\"gt-block\">And finally, Z\u0142ote Tarasy &#8211; as if Massimo Dutti wasn&#8217;t in Gdynia\u00a0<img decoding=\"async\" class=\"emoji\" role=\"img\" draggable=\"false\" src=\"https:\/\/s.w.org\/images\/core\/emoji\/14.0.0\/svg\/1f609.svg\" alt=\"\" \/>, it is\u00a0<strong>When you go away (and without children), shopping tastes better<\/strong>\u00a0: )<\/p>\n<p>&nbsp;<\/p>\n<p><img loading=\"lazy\" decoding=\"async\" class=\"alignnone size-large wp-image-54542\" src=\"https:\/\/agnieszkakudela.pl\/wp-content\/uploads\/2023\/12\/Agnieszka-Kudela-Dzien-dobry-TVN-Bledy-w-organizacji-slubu-25-768x1024.jpg\" sizes=\"auto, (max-width: 768px) 100vw, 768px\" srcset=\"https:\/\/agnieszkakudela.pl\/wp-content\/uploads\/2023\/12\/Agnieszka-Kudela-Dzien-dobry-TVN-Bledy-w-organizacji-slubu-25-768x1024.jpg 768w, https:\/\/agnieszkakudela.pl\/wp-content\/uploads\/2023\/12\/Agnieszka-Kudela-Dzien-dobry-TVN-Bledy-w-organizacji-slubu-25-225x300.jpg 225w, https:\/\/agnieszkakudela.pl\/wp-content\/uploads\/2023\/12\/Agnieszka-Kudela-Dzien-dobry-TVN-Bledy-w-organizacji-slubu-25-1152x1536.jpg 1152w, https:\/\/agnieszkakudela.pl\/wp-content\/uploads\/2023\/12\/Agnieszka-Kudela-Dzien-dobry-TVN-Bledy-w-organizacji-slubu-25-1536x2048.jpg 1536w, https:\/\/agnieszkakudela.pl\/wp-content\/uploads\/2023\/12\/Agnieszka-Kudela-Dzien-dobry-TVN-Bledy-w-organizacji-slubu-25-600x800.jpg 600w, https:\/\/agnieszkakudela.pl\/wp-content\/uploads\/2023\/12\/Agnieszka-Kudela-Dzien-dobry-TVN-Bledy-w-organizacji-slubu-25-scaled.jpg 1920w\" alt=\"\" width=\"768\" height=\"1024\" \/><\/p>\n<p>&nbsp;<\/p>\n<p>Thank you for this journey together and see you soon!<\/p>\n<p>&nbsp;<\/p>\n<p><img loading=\"lazy\" decoding=\"async\" class=\"alignnone size-large wp-image-54531\" src=\"https:\/\/agnieszkakudela.pl\/wp-content\/uploads\/2023\/12\/Agnieszka-Kudela-Dzien-dobry-TVN-Bledy-w-organizacji-slubu-7-768x1024.jpg\" sizes=\"auto, (max-width: 768px) 100vw, 768px\" srcset=\"https:\/\/agnieszkakudela.pl\/wp-content\/uploads\/2023\/12\/Agnieszka-Kudela-Dzien-dobry-TVN-Bledy-w-organizacji-slubu-7-768x1024.jpg 768w, https:\/\/agnieszkakudela.pl\/wp-content\/uploads\/2023\/12\/Agnieszka-Kudela-Dzien-dobry-TVN-Bledy-w-organizacji-slubu-7-225x300.jpg 225w, https:\/\/agnieszkakudela.pl\/wp-content\/uploads\/2023\/12\/Agnieszka-Kudela-Dzien-dobry-TVN-Bledy-w-organizacji-slubu-7-1152x1536.jpg 1152w, https:\/\/agnieszkakudela.pl\/wp-content\/uploads\/2023\/12\/Agnieszka-Kudela-Dzien-dobry-TVN-Bledy-w-organizacji-slubu-7-600x800.jpg 600w, https:\/\/agnieszkakudela.pl\/wp-content\/uploads\/2023\/12\/Agnieszka-Kudela-Dzien-dobry-TVN-Bledy-w-organizacji-slubu-7.jpg 1536w\" alt=\"\" width=\"768\" height=\"1024\" \/><\/p>\n<\/div>\n<\/div>\n<\/div>\n<\/article>\n<\/div>\n<\/div>\n<\/div>\n<div class=\"qodef-post-info-bottom clearfix\">\n<div class=\"qodef-blog-share\"><\/div>\n<\/div>\n<\/article>\n<div id=\"comments\" class=\"qodef-comment-holder clearfix\">\n<div class=\"qodef-comment-number\">\n<div class=\"qodef-comment-number-inner\"><\/div>\n<\/div>\n<\/div>\n","protected":false},"excerpt":{"rendered":"<p>On my way to a family holiday in Mi\u0119dzyzdroje, the production called me\u00a0Good morning TVN\u00a0asking what are the most common mistakes made by young couples when organizing a wedding &#8211; one of my favorites, sharing tips on how to avoid them.<\/p>\n","protected":false},"author":1,"featured_media":62201,"comment_status":"open","ping_status":"closed","sticky":false,"template":"","format":"standard","meta":{"footnotes":""},"categories":[806,802,805,804],"tags":[],"class_list":["post-62203","post","type-post","status-publish","format-standard","has-post-thumbnail","hentry","category-organization","category-recommended","category-wedding-consultant","category-wedding-planner-en"],"yoast_head":"<!-- This site is optimized with the Yoast SEO plugin v26.5 - https:\/\/yoast.com\/wordpress\/plugins\/seo\/ -->\n<title>The most common mistakes when organizing a wedding - Expert in Dzie\u0144 Dobry TVN - watch the episode - BLOG<\/title>\n<meta name=\"description\" content=\"Czytaj wi\u0119cej na blogu Agnieszki w temacie The most common mistakes when organizing a wedding - Expert in Dzie\u0144 Dobry TVN - watch the episode Zapraszam! :)\" \/>\n<meta name=\"robots\" content=\"index, follow, max-snippet:-1, max-image-preview:large, max-video-preview:-1\" \/>\n<meta property=\"og:locale\" content=\"en_US\" \/>\n<meta property=\"og:type\" content=\"article\" \/>\n<meta property=\"og:title\" content=\"The most common mistakes when organizing a wedding - Expert in Dzie\u0144 Dobry TVN - watch the episode - BLOG\" \/>\n<meta property=\"og:description\" content=\"Czytaj wi\u0119cej na blogu Agnieszki w temacie The most common mistakes when organizing a wedding - Expert in Dzie\u0144 Dobry TVN - watch the episode Zapraszam! :)\" \/>\n<meta property=\"og:url\" content=\"https:\/\/agnieszkakudela.pl\/en\/najczesciej-popelniane-bledy-w-organizacji-wesela-ekspert-w-dzien-dobry-tvn-obejrzyj-odcinek\/\" \/>\n<meta property=\"og:site_name\" content=\"AgnieszkaKudela.pl\" \/>\n<meta property=\"article:author\" content=\"https:\/\/www.facebook.com\/AgnieszkaKudelaPL\" \/>\n<meta property=\"article:published_time\" content=\"2023-12-04T09:01:57+00:00\" \/>\n<meta property=\"article:modified_time\" content=\"2023-12-06T09:21:36+00:00\" \/>\n<meta property=\"og:image\" content=\"https:\/\/agnieszkakudela.pl\/wp-content\/uploads\/2023\/12\/Agnieszka-Kudela-Dzien-dobry-TVN-Bledy-w-organizacji-slubu.jpg\" \/>\n\t<meta property=\"og:image:width\" content=\"1920\" \/>\n\t<meta property=\"og:image:height\" content=\"1076\" \/>\n\t<meta property=\"og:image:type\" content=\"image\/jpeg\" \/>\n<meta name=\"author\" content=\"Agnieszka\" \/>\n<meta name=\"twitter:card\" content=\"summary_large_image\" \/>\n<meta name=\"twitter:label1\" content=\"Written by\" \/>\n\t<meta name=\"twitter:data1\" content=\"Agnieszka\" \/>\n\t<meta name=\"twitter:label2\" content=\"Est. reading time\" \/>\n\t<meta name=\"twitter:data2\" content=\"2 minutes\" \/>\n<script type=\"application\/ld+json\" class=\"yoast-schema-graph\">{\"@context\":\"https:\/\/schema.org\",\"@graph\":[{\"@type\":\"WebPage\",\"@id\":\"https:\/\/agnieszkakudela.pl\/en\/najczesciej-popelniane-bledy-w-organizacji-wesela-ekspert-w-dzien-dobry-tvn-obejrzyj-odcinek\/\",\"url\":\"https:\/\/agnieszkakudela.pl\/en\/najczesciej-popelniane-bledy-w-organizacji-wesela-ekspert-w-dzien-dobry-tvn-obejrzyj-odcinek\/\",\"name\":\"The most common mistakes when organizing a wedding - Expert in Dzie\u0144 Dobry TVN - watch the episode - BLOG\",\"isPartOf\":{\"@id\":\"https:\/\/agnieszkakudela.pl\/en\/#website\"},\"primaryImageOfPage\":{\"@id\":\"https:\/\/agnieszkakudela.pl\/en\/najczesciej-popelniane-bledy-w-organizacji-wesela-ekspert-w-dzien-dobry-tvn-obejrzyj-odcinek\/#primaryimage\"},\"image\":{\"@id\":\"https:\/\/agnieszkakudela.pl\/en\/najczesciej-popelniane-bledy-w-organizacji-wesela-ekspert-w-dzien-dobry-tvn-obejrzyj-odcinek\/#primaryimage\"},\"thumbnailUrl\":\"https:\/\/agnieszkakudela.pl\/wp-content\/uploads\/2023\/12\/Agnieszka-Kudela-Dzien-dobry-TVN-Bledy-w-organizacji-slubu.jpg\",\"datePublished\":\"2023-12-04T09:01:57+00:00\",\"dateModified\":\"2023-12-06T09:21:36+00:00\",\"author\":{\"@id\":\"https:\/\/agnieszkakudela.pl\/en\/#\/schema\/person\/6bcb4455a2618219c96dcb211322581a\"},\"description\":\"Czytaj wi\u0119cej na blogu Agnieszki w temacie The most common mistakes when organizing a wedding - Expert in Dzie\u0144 Dobry TVN - watch the episode Zapraszam! :)\",\"breadcrumb\":{\"@id\":\"https:\/\/agnieszkakudela.pl\/en\/najczesciej-popelniane-bledy-w-organizacji-wesela-ekspert-w-dzien-dobry-tvn-obejrzyj-odcinek\/#breadcrumb\"},\"inLanguage\":\"en-US\",\"potentialAction\":[{\"@type\":\"ReadAction\",\"target\":[\"https:\/\/agnieszkakudela.pl\/en\/najczesciej-popelniane-bledy-w-organizacji-wesela-ekspert-w-dzien-dobry-tvn-obejrzyj-odcinek\/\"]}]},{\"@type\":\"ImageObject\",\"inLanguage\":\"en-US\",\"@id\":\"https:\/\/agnieszkakudela.pl\/en\/najczesciej-popelniane-bledy-w-organizacji-wesela-ekspert-w-dzien-dobry-tvn-obejrzyj-odcinek\/#primaryimage\",\"url\":\"https:\/\/agnieszkakudela.pl\/wp-content\/uploads\/2023\/12\/Agnieszka-Kudela-Dzien-dobry-TVN-Bledy-w-organizacji-slubu.jpg\",\"contentUrl\":\"https:\/\/agnieszkakudela.pl\/wp-content\/uploads\/2023\/12\/Agnieszka-Kudela-Dzien-dobry-TVN-Bledy-w-organizacji-slubu.jpg\",\"width\":1200,\"height\":673,\"caption\":\"Screenshot\"},{\"@type\":\"BreadcrumbList\",\"@id\":\"https:\/\/agnieszkakudela.pl\/en\/najczesciej-popelniane-bledy-w-organizacji-wesela-ekspert-w-dzien-dobry-tvn-obejrzyj-odcinek\/#breadcrumb\",\"itemListElement\":[{\"@type\":\"ListItem\",\"position\":1,\"name\":\"Strona g\u0142\u00f3wna\",\"item\":\"https:\/\/agnieszkakudela.pl\/en\/\"},{\"@type\":\"ListItem\",\"position\":2,\"name\":\"The most common mistakes when organizing a wedding &#8211; Expert in Dzie\u0144 Dobry TVN &#8211; watch the episode\"}]},{\"@type\":\"WebSite\",\"@id\":\"https:\/\/agnieszkakudela.pl\/en\/#website\",\"url\":\"https:\/\/agnieszkakudela.pl\/en\/\",\"name\":\"AgnieszkaKudela.pl\",\"description\":\"Blog parentingowy i modowy, prowadzony przez Wedding Plannerk\u0119, Mam\u0119 2,5 letniego Miko\u0142aja, oczekuj\u0105c\u0105 kolejnego Maluszka.\",\"potentialAction\":[{\"@type\":\"SearchAction\",\"target\":{\"@type\":\"EntryPoint\",\"urlTemplate\":\"https:\/\/agnieszkakudela.pl\/en\/?s={search_term_string}\"},\"query-input\":{\"@type\":\"PropertyValueSpecification\",\"valueRequired\":true,\"valueName\":\"search_term_string\"}}],\"inLanguage\":\"en-US\"},{\"@type\":\"Person\",\"@id\":\"https:\/\/agnieszkakudela.pl\/en\/#\/schema\/person\/6bcb4455a2618219c96dcb211322581a\",\"name\":\"Agnieszka\",\"image\":{\"@type\":\"ImageObject\",\"inLanguage\":\"en-US\",\"@id\":\"https:\/\/agnieszkakudela.pl\/en\/#\/schema\/person\/image\/\",\"url\":\"https:\/\/secure.gravatar.com\/avatar\/273e276984ad85ab6128668c9b74de17ce7242096c56402401f29d5962fa11fa?s=96&d=identicon&r=g\",\"contentUrl\":\"https:\/\/secure.gravatar.com\/avatar\/273e276984ad85ab6128668c9b74de17ce7242096c56402401f29d5962fa11fa?s=96&d=identicon&r=g\",\"caption\":\"Agnieszka\"},\"description\":\"Wedding Plannerka Mama 3 letniego Miko\u0142aja i kilkumiesi\u0119cznego Maksa. Zakochana w \u017cyciu i swoim M\u0119\u017cu.\",\"sameAs\":[\"https:\/\/agnieszkakudela.pl\/\",\"https:\/\/www.facebook.com\/AgnieszkaKudelaPL\"],\"url\":\"https:\/\/agnieszkakudela.pl\/en\/author\/spodkocyka\/\"}]}<\/script>\n<!-- \/ Yoast SEO plugin. -->","yoast_head_json":{"title":"The most common mistakes when organizing a wedding - Expert in Dzie\u0144 Dobry TVN - watch the episode - BLOG","description":"Czytaj wi\u0119cej na blogu Agnieszki w temacie The most common mistakes when organizing a wedding - Expert in Dzie\u0144 Dobry TVN - watch the episode Zapraszam! :)","robots":{"index":"index","follow":"follow","max-snippet":"max-snippet:-1","max-image-preview":"max-image-preview:large","max-video-preview":"max-video-preview:-1"},"og_locale":"en_US","og_type":"article","og_title":"The most common mistakes when organizing a wedding - Expert in Dzie\u0144 Dobry TVN - watch the episode - BLOG","og_description":"Czytaj wi\u0119cej na blogu Agnieszki w temacie The most common mistakes when organizing a wedding - Expert in Dzie\u0144 Dobry TVN - watch the episode Zapraszam! :)","og_url":"https:\/\/agnieszkakudela.pl\/en\/najczesciej-popelniane-bledy-w-organizacji-wesela-ekspert-w-dzien-dobry-tvn-obejrzyj-odcinek\/","og_site_name":"AgnieszkaKudela.pl","article_author":"https:\/\/www.facebook.com\/AgnieszkaKudelaPL","article_published_time":"2023-12-04T09:01:57+00:00","article_modified_time":"2023-12-06T09:21:36+00:00","og_image":[{"width":1920,"height":1076,"url":"https:\/\/agnieszkakudela.pl\/wp-content\/uploads\/2023\/12\/Agnieszka-Kudela-Dzien-dobry-TVN-Bledy-w-organizacji-slubu.jpg","type":"image\/jpeg"}],"author":"Agnieszka","twitter_card":"summary_large_image","twitter_misc":{"Written by":"Agnieszka","Est. reading time":"2 minutes"},"schema":{"@context":"https:\/\/schema.org","@graph":[{"@type":"WebPage","@id":"https:\/\/agnieszkakudela.pl\/en\/najczesciej-popelniane-bledy-w-organizacji-wesela-ekspert-w-dzien-dobry-tvn-obejrzyj-odcinek\/","url":"https:\/\/agnieszkakudela.pl\/en\/najczesciej-popelniane-bledy-w-organizacji-wesela-ekspert-w-dzien-dobry-tvn-obejrzyj-odcinek\/","name":"The most common mistakes when organizing a wedding - Expert in Dzie\u0144 Dobry TVN - watch the episode - BLOG","isPartOf":{"@id":"https:\/\/agnieszkakudela.pl\/en\/#website"},"primaryImageOfPage":{"@id":"https:\/\/agnieszkakudela.pl\/en\/najczesciej-popelniane-bledy-w-organizacji-wesela-ekspert-w-dzien-dobry-tvn-obejrzyj-odcinek\/#primaryimage"},"image":{"@id":"https:\/\/agnieszkakudela.pl\/en\/najczesciej-popelniane-bledy-w-organizacji-wesela-ekspert-w-dzien-dobry-tvn-obejrzyj-odcinek\/#primaryimage"},"thumbnailUrl":"https:\/\/agnieszkakudela.pl\/wp-content\/uploads\/2023\/12\/Agnieszka-Kudela-Dzien-dobry-TVN-Bledy-w-organizacji-slubu.jpg","datePublished":"2023-12-04T09:01:57+00:00","dateModified":"2023-12-06T09:21:36+00:00","author":{"@id":"https:\/\/agnieszkakudela.pl\/en\/#\/schema\/person\/6bcb4455a2618219c96dcb211322581a"},"description":"Czytaj wi\u0119cej na blogu Agnieszki w temacie The most common mistakes when organizing a wedding - Expert in Dzie\u0144 Dobry TVN - watch the episode Zapraszam! :)","breadcrumb":{"@id":"https:\/\/agnieszkakudela.pl\/en\/najczesciej-popelniane-bledy-w-organizacji-wesela-ekspert-w-dzien-dobry-tvn-obejrzyj-odcinek\/#breadcrumb"},"inLanguage":"en-US","potentialAction":[{"@type":"ReadAction","target":["https:\/\/agnieszkakudela.pl\/en\/najczesciej-popelniane-bledy-w-organizacji-wesela-ekspert-w-dzien-dobry-tvn-obejrzyj-odcinek\/"]}]},{"@type":"ImageObject","inLanguage":"en-US","@id":"https:\/\/agnieszkakudela.pl\/en\/najczesciej-popelniane-bledy-w-organizacji-wesela-ekspert-w-dzien-dobry-tvn-obejrzyj-odcinek\/#primaryimage","url":"https:\/\/agnieszkakudela.pl\/wp-content\/uploads\/2023\/12\/Agnieszka-Kudela-Dzien-dobry-TVN-Bledy-w-organizacji-slubu.jpg","contentUrl":"https:\/\/agnieszkakudela.pl\/wp-content\/uploads\/2023\/12\/Agnieszka-Kudela-Dzien-dobry-TVN-Bledy-w-organizacji-slubu.jpg","width":1200,"height":673,"caption":"Screenshot"},{"@type":"BreadcrumbList","@id":"https:\/\/agnieszkakudela.pl\/en\/najczesciej-popelniane-bledy-w-organizacji-wesela-ekspert-w-dzien-dobry-tvn-obejrzyj-odcinek\/#breadcrumb","itemListElement":[{"@type":"ListItem","position":1,"name":"Strona g\u0142\u00f3wna","item":"https:\/\/agnieszkakudela.pl\/en\/"},{"@type":"ListItem","position":2,"name":"The most common mistakes when organizing a wedding &#8211; Expert in Dzie\u0144 Dobry TVN &#8211; watch the episode"}]},{"@type":"WebSite","@id":"https:\/\/agnieszkakudela.pl\/en\/#website","url":"https:\/\/agnieszkakudela.pl\/en\/","name":"AgnieszkaKudela.pl","description":"Blog parentingowy i modowy, prowadzony przez Wedding Plannerk\u0119, Mam\u0119 2,5 letniego Miko\u0142aja, oczekuj\u0105c\u0105 kolejnego Maluszka.","potentialAction":[{"@type":"SearchAction","target":{"@type":"EntryPoint","urlTemplate":"https:\/\/agnieszkakudela.pl\/en\/?s={search_term_string}"},"query-input":{"@type":"PropertyValueSpecification","valueRequired":true,"valueName":"search_term_string"}}],"inLanguage":"en-US"},{"@type":"Person","@id":"https:\/\/agnieszkakudela.pl\/en\/#\/schema\/person\/6bcb4455a2618219c96dcb211322581a","name":"Agnieszka","image":{"@type":"ImageObject","inLanguage":"en-US","@id":"https:\/\/agnieszkakudela.pl\/en\/#\/schema\/person\/image\/","url":"https:\/\/secure.gravatar.com\/avatar\/273e276984ad85ab6128668c9b74de17ce7242096c56402401f29d5962fa11fa?s=96&d=identicon&r=g","contentUrl":"https:\/\/secure.gravatar.com\/avatar\/273e276984ad85ab6128668c9b74de17ce7242096c56402401f29d5962fa11fa?s=96&d=identicon&r=g","caption":"Agnieszka"},"description":"Wedding Plannerka Mama 3 letniego Miko\u0142aja i kilkumiesi\u0119cznego Maksa. Zakochana w \u017cyciu i swoim M\u0119\u017cu.","sameAs":["https:\/\/agnieszkakudela.pl\/","https:\/\/www.facebook.com\/AgnieszkaKudelaPL"],"url":"https:\/\/agnieszkakudela.pl\/en\/author\/spodkocyka\/"}]}},"_links":{"self":[{"href":"https:\/\/agnieszkakudela.pl\/en\/wp-json\/wp\/v2\/posts\/62203","targetHints":{"allow":["GET"]}}],"collection":[{"href":"https:\/\/agnieszkakudela.pl\/en\/wp-json\/wp\/v2\/posts"}],"about":[{"href":"https:\/\/agnieszkakudela.pl\/en\/wp-json\/wp\/v2\/types\/post"}],"author":[{"embeddable":true,"href":"https:\/\/agnieszkakudela.pl\/en\/wp-json\/wp\/v2\/users\/1"}],"replies":[{"embeddable":true,"href":"https:\/\/agnieszkakudela.pl\/en\/wp-json\/wp\/v2\/comments?post=62203"}],"version-history":[{"count":0,"href":"https:\/\/agnieszkakudela.pl\/en\/wp-json\/wp\/v2\/posts\/62203\/revisions"}],"wp:featuredmedia":[{"embeddable":true,"href":"https:\/\/agnieszkakudela.pl\/en\/wp-json\/wp\/v2\/media\/62201"}],"wp:attachment":[{"href":"https:\/\/agnieszkakudela.pl\/en\/wp-json\/wp\/v2\/media?parent=62203"}],"wp:term":[{"taxonomy":"category","embeddable":true,"href":"https:\/\/agnieszkakudela.pl\/en\/wp-json\/wp\/v2\/categories?post=62203"},{"taxonomy":"post_tag","embeddable":true,"href":"https:\/\/agnieszkakudela.pl\/en\/wp-json\/wp\/v2\/tags?post=62203"}],"curies":[{"name":"wp","href":"https:\/\/api.w.org\/{rel}","templated":true}]}}